{"id":3036,"date":"2024-02-22T20:11:17","date_gmt":"2024-02-22T19:11:17","guid":{"rendered":"https:\/\/comopolis.be\/les-enfants-aussi-font-leur-deuil\/"},"modified":"2026-02-01T21:15:15","modified_gmt":"2026-02-01T20:15:15","slug":"les-enfants-aussi-font-leur-deuil","status":"publish","type":"post","link":"https:\/\/comopolis.be\/fr\/les-enfants-aussi-font-leur-deuil\/","title":{"rendered":"Les enfants aussi font leur deuil"},"content":{"rendered":"\n<p>Les enfants, tout comme les adultes, sont en deuil lorsqu&rsquo;ils perdent un \u00eatre cher. Il est important de les impliquer dans les adieux. Leur processus de deuil est en grande partie le m\u00eame que celui des adultes, mais il existe quelques diff\u00e9rences importantes. Par exemple, les enfants sont encore en plein d\u00e9veloppement au moment de la perte de l\u2019\u00eatre cher. Ils n\u2019ont pas encore les connaissances ni le v\u00e9cu que nous avons en tant qu\u2019adultes.<\/p>\n\n\n\n<p>De nombreux concepts et rituels inconnus croisent soudain leur chemin. C\u2019est quoi \u00eatre mort ? Qu&rsquo;est-ce que la cr\u00e9mation ? Les \u00e9motions de tristesse, de peur, de perte et de col\u00e8re alternent rapidement. Bref, c\u2019est le chaos dans leur t\u00eate. Mais comment expliquer \u00e0 un enfant que c\u2019est tout \u00e0 fait normal ? Eh bien, gr\u00e2ce aux conseils ad\u00e9quats des parents, des grands-parents et des enseignants. Parler et informer, de mani\u00e8re r\u00e9currente et du mieux possible, est la solution.<\/p>\n\n\n\n<h2 class=\"wp-block-heading\">Les enfants et les adieux<\/h2>\n\n\n\n<p>Ce qui pr\u00e9c\u00e8de semble \u00e9vident, mais vous vous demandez peut-\u00eatre comment r\u00e9ellement guider les enfants dans leur processus de deuil. <a href=\"https:\/\/comopolis.be\/fr\/\">Como<\/a> \u00e9num\u00e8re un certain nombre de conseils :<\/p>\n\n\n\n<ul class=\"wp-block-list\">\n<li>V\u00e9rifiez si les enfants ont des questions et essayez d\u2019y r\u00e9pondre du mieux possible. Sachez que ce n&rsquo;est pas grave si vous ne parvenez pas \u00e0 r\u00e9pondre \u00e0 une question donn\u00e9e. En g\u00e9n\u00e9ral les enfants acceptent que vous leur dites qu\u2019il vous faut un instant pour y r\u00e9fl\u00e9chir.<\/li>\n\n\n\n<li>Posez des questions plus approfondies de temps en temps, car parfois les enfants ont d\u00e9j\u00e0 une r\u00e9ponse toute pr\u00eate.<\/li>\n\n\n\n<li>Informez-les de ce qui va se passer et de ce que l\u2019on attend d\u2019eux afin qu\u2019ils puissent mieux comprendre la chose.<\/li>\n\n\n\n<li>Utilisez un langage adapt\u00e9 \u00e0 l&rsquo;\u00e2ge de l&rsquo;enfant.<\/li>\n\n\n\n<li>Soyez honn\u00eate et clair. Par exemple, si vous devez dire \u00e0 un enfant que quelqu&rsquo;un est d\u00e9c\u00e9d\u00e9, n&rsquo;h\u00e9sitez pas \u00e0 utiliser les mots mort ou pour toujours. Ne dites pas que quelqu&rsquo;un s\u2019est endormi, car dormir signifie que quelqu&rsquo;un va se r\u00e9veiller. Ce qui fait que les enfants peuvent devenir anxieux au moment d\u2019aller au lit.<\/li>\n\n\n\n<li>Les enfants ne comprendront peut-\u00eatre pas tout de suite, mais soyez honn\u00eate afin qu\u2019ils puissent conserver leur confiance en vous. N\u2019oubliez pas que les enfants ont comme des antennes et peuvent sentir quand on ne leur dit pas toute la v\u00e9rit\u00e9. Cela peut les rendre confus ou esseul\u00e9s.<\/li>\n\n\n\n<li>Il est pr\u00e9f\u00e9rable que les enfants entendent des informations sensibles directement de leurs parents ou de leur famille.<\/li>\n\n\n\n<li>Utilisez du mat\u00e9riel de support, par exemple, il existe de beaux livres pour enfants dans lesquels la mort est expliqu\u00e9e d&rsquo;une mani\u00e8re adapt\u00e9e aux enfants. Parcourez-les ensemble.<\/li>\n<\/ul>\n\n\n\n<p>Tout a-t-il \u00e9t\u00e9 r\u00e9gl\u00e9 \u00e0 l\u2019avance pour que vos enfants et petits-enfants aient le temps n\u00e9cessaire pour faire leur deuil comme ils le devraient ? Como sait comment faire \u00e7a. <a href=\"https:\/\/comopolis.be\/fr\/a-propos-de-nous\/contact\/\">Contactez-nous<\/a> pour un entretien sans engagement.<\/p>\n\n\n\n<p><\/p>\n","protected":false},"excerpt":{"rendered":"<p>Les enfants, tout comme les adultes, sont en deuil lorsqu&rsquo;ils perdent un \u00eatre cher. Il est important de les impliquer dans les adieux. Leur processus de deuil est en grande partie le m\u00eame que celui des adultes, mais il existe quelques diff\u00e9rences importantes. Par exemple, les enfants sont encore en plein d\u00e9veloppement au moment de &hellip; <a href=\"https:\/\/comopolis.be\/fr\/les-enfants-aussi-font-leur-deuil\/\" class=\"more-link\">Continuer la lecture<span class=\"screen-reader-text\"> de &laquo;&nbsp;Les enfants aussi font leur deuil&nbsp;&raquo;<\/span><\/a><\/p>\n","protected":false},"author":1,"featured_media":4826,"comment_status":"closed","ping_status":"closed","sticky":false,"template":"","format":"standard","meta":{"_acf_changed":false,"footnotes":""},"categories":[56],"tags":[],"class_list":["post-3036","post","type-post","status-publish","format-standard","has-post-thumbnail","hentry","category-funerailles"],"acf":[],"yoast_head":"<!-- This site is optimized with the Yoast SEO plugin v27.5 - https:\/\/yoast.com\/product\/yoast-seo-wordpress\/ -->\n<title>Les enfants aussi font leur deuil - Comopolis<\/title>\n<meta name=\"description\" content=\"Les enfants font \u00e9galement leur deuil lorsqu&#039;ils perdent un \u00eatre cher et il y a des points d&#039;attention. Como explique les choses.\" \/>\n<meta name=\"robots\" content=\"index, follow, max-snippet:-1, max-image-preview:large, max-video-preview:-1\" \/>\n<link rel=\"canonical\" href=\"https:\/\/comopolis.be\/fr\/les-enfants-aussi-font-leur-deuil\/\" \/>\n<meta property=\"og:locale\" content=\"fr_FR\" \/>\n<meta property=\"og:type\" content=\"article\" \/>\n<meta property=\"og:title\" content=\"Les enfants aussi font leur deuil - Comopolis\" \/>\n<meta property=\"og:description\" content=\"Les enfants font \u00e9galement leur deuil lorsqu&#039;ils perdent un \u00eatre cher et il y a des points d&#039;attention. Como explique les choses.\" \/>\n<meta property=\"og:url\" content=\"https:\/\/comopolis.be\/fr\/les-enfants-aussi-font-leur-deuil\/\" \/>\n<meta property=\"og:site_name\" content=\"Comopolis\" \/>\n<meta property=\"article:publisher\" content=\"https:\/\/www.facebook.com\/comopolis.be\/\" \/>\n<meta property=\"article:published_time\" content=\"2024-02-22T19:11:17+00:00\" \/>\n<meta property=\"article:modified_time\" content=\"2026-02-01T20:15:15+00:00\" \/>\n<meta property=\"og:image\" content=\"https:\/\/comopolis.be\/wp-content\/uploads\/2024\/02\/Rouw-bij-kinderen-normaal-1.jpeg\" \/>\n\t<meta property=\"og:image:width\" content=\"640\" \/>\n\t<meta property=\"og:image:height\" content=\"323\" \/>\n\t<meta property=\"og:image:type\" content=\"image\/jpeg\" \/>\n<meta name=\"author\" content=\"SFX\" \/>\n<meta name=\"twitter:card\" content=\"summary_large_image\" \/>\n<meta name=\"twitter:label1\" content=\"\u00c9crit par\" \/>\n\t<meta name=\"twitter:data1\" content=\"SFX\" \/>\n\t<meta name=\"twitter:label2\" content=\"Dur\u00e9e de lecture estim\u00e9e\" \/>\n\t<meta name=\"twitter:data2\" content=\"3 minutes\" \/>\n<script type=\"application\/ld+json\" class=\"yoast-schema-graph\">{\"@context\":\"https:\\\/\\\/schema.org\",\"@graph\":[{\"@type\":\"Article\",\"@id\":\"https:\\\/\\\/comopolis.be\\\/fr\\\/les-enfants-aussi-font-leur-deuil\\\/#article\",\"isPartOf\":{\"@id\":\"https:\\\/\\\/comopolis.be\\\/fr\\\/les-enfants-aussi-font-leur-deuil\\\/\"},\"author\":{\"name\":\"SFX\",\"@id\":\"https:\\\/\\\/comopolis.be\\\/fr\\\/#\\\/schema\\\/person\\\/c01a2aa1804995879296bc18e29f6079\"},\"headline\":\"Les enfants aussi font leur deuil\",\"datePublished\":\"2024-02-22T19:11:17+00:00\",\"dateModified\":\"2026-02-01T20:15:15+00:00\",\"mainEntityOfPage\":{\"@id\":\"https:\\\/\\\/comopolis.be\\\/fr\\\/les-enfants-aussi-font-leur-deuil\\\/\"},\"wordCount\":531,\"publisher\":{\"@id\":\"https:\\\/\\\/comopolis.be\\\/fr\\\/#organization\"},\"image\":{\"@id\":\"https:\\\/\\\/comopolis.be\\\/fr\\\/les-enfants-aussi-font-leur-deuil\\\/#primaryimage\"},\"thumbnailUrl\":\"https:\\\/\\\/comopolis.be\\\/wp-content\\\/uploads\\\/2024\\\/02\\\/Rouw-bij-kinderen-normaal-1.jpeg\",\"articleSection\":[\"Fun\u00e9railles\"],\"inLanguage\":\"fr-FR\"},{\"@type\":\"WebPage\",\"@id\":\"https:\\\/\\\/comopolis.be\\\/fr\\\/les-enfants-aussi-font-leur-deuil\\\/\",\"url\":\"https:\\\/\\\/comopolis.be\\\/fr\\\/les-enfants-aussi-font-leur-deuil\\\/\",\"name\":\"Les enfants aussi font leur deuil - Comopolis\",\"isPartOf\":{\"@id\":\"https:\\\/\\\/comopolis.be\\\/fr\\\/#website\"},\"primaryImageOfPage\":{\"@id\":\"https:\\\/\\\/comopolis.be\\\/fr\\\/les-enfants-aussi-font-leur-deuil\\\/#primaryimage\"},\"image\":{\"@id\":\"https:\\\/\\\/comopolis.be\\\/fr\\\/les-enfants-aussi-font-leur-deuil\\\/#primaryimage\"},\"thumbnailUrl\":\"https:\\\/\\\/comopolis.be\\\/wp-content\\\/uploads\\\/2024\\\/02\\\/Rouw-bij-kinderen-normaal-1.jpeg\",\"datePublished\":\"2024-02-22T19:11:17+00:00\",\"dateModified\":\"2026-02-01T20:15:15+00:00\",\"description\":\"Les enfants font \u00e9galement leur deuil lorsqu'ils perdent un \u00eatre cher et il y a des points d'attention. Como explique les choses.\",\"breadcrumb\":{\"@id\":\"https:\\\/\\\/comopolis.be\\\/fr\\\/les-enfants-aussi-font-leur-deuil\\\/#breadcrumb\"},\"inLanguage\":\"fr-FR\",\"potentialAction\":[{\"@type\":\"ReadAction\",\"target\":[\"https:\\\/\\\/comopolis.be\\\/fr\\\/les-enfants-aussi-font-leur-deuil\\\/\"]}]},{\"@type\":\"ImageObject\",\"inLanguage\":\"fr-FR\",\"@id\":\"https:\\\/\\\/comopolis.be\\\/fr\\\/les-enfants-aussi-font-leur-deuil\\\/#primaryimage\",\"url\":\"https:\\\/\\\/comopolis.be\\\/wp-content\\\/uploads\\\/2024\\\/02\\\/Rouw-bij-kinderen-normaal-1.jpeg\",\"contentUrl\":\"https:\\\/\\\/comopolis.be\\\/wp-content\\\/uploads\\\/2024\\\/02\\\/Rouw-bij-kinderen-normaal-1.jpeg\",\"width\":640,\"height\":323,\"caption\":\"Un enfant qui semble triste, debout derri\u00e8re une vitre bris\u00e9e.\"},{\"@type\":\"BreadcrumbList\",\"@id\":\"https:\\\/\\\/comopolis.be\\\/fr\\\/les-enfants-aussi-font-leur-deuil\\\/#breadcrumb\",\"itemListElement\":[{\"@type\":\"ListItem\",\"position\":1,\"name\":\"Home\",\"item\":\"https:\\\/\\\/comopolis.be\\\/fr\\\/\"},{\"@type\":\"ListItem\",\"position\":2,\"name\":\"Les enfants aussi font leur deuil\"}]},{\"@type\":\"WebSite\",\"@id\":\"https:\\\/\\\/comopolis.be\\\/fr\\\/#website\",\"url\":\"https:\\\/\\\/comopolis.be\\\/fr\\\/\",\"name\":\"Comopolis\",\"description\":\"\",\"publisher\":{\"@id\":\"https:\\\/\\\/comopolis.be\\\/fr\\\/#organization\"},\"potentialAction\":[{\"@type\":\"SearchAction\",\"target\":{\"@type\":\"EntryPoint\",\"urlTemplate\":\"https:\\\/\\\/comopolis.be\\\/fr\\\/?s={search_term_string}\"},\"query-input\":{\"@type\":\"PropertyValueSpecification\",\"valueRequired\":true,\"valueName\":\"search_term_string\"}}],\"inLanguage\":\"fr-FR\"},{\"@type\":\"Organization\",\"@id\":\"https:\\\/\\\/comopolis.be\\\/fr\\\/#organization\",\"name\":\"Comopolis\",\"url\":\"https:\\\/\\\/comopolis.be\\\/fr\\\/\",\"logo\":{\"@type\":\"ImageObject\",\"inLanguage\":\"fr-FR\",\"@id\":\"https:\\\/\\\/comopolis.be\\\/fr\\\/#\\\/schema\\\/logo\\\/image\\\/\",\"url\":\"https:\\\/\\\/comopolis.be\\\/wp-content\\\/uploads\\\/2025\\\/01\\\/logo-bird.png\",\"contentUrl\":\"https:\\\/\\\/comopolis.be\\\/wp-content\\\/uploads\\\/2025\\\/01\\\/logo-bird.png\",\"width\":1241,\"height\":1028,\"caption\":\"Comopolis\"},\"image\":{\"@id\":\"https:\\\/\\\/comopolis.be\\\/fr\\\/#\\\/schema\\\/logo\\\/image\\\/\"},\"sameAs\":[\"https:\\\/\\\/www.facebook.com\\\/comopolis.be\\\/\",\"https:\\\/\\\/www.instagram.com\\\/comopolis\\\/\",\"https:\\\/\\\/www.linkedin.com\\\/company\\\/comopolis\\\/\"]},{\"@type\":\"Person\",\"@id\":\"https:\\\/\\\/comopolis.be\\\/fr\\\/#\\\/schema\\\/person\\\/c01a2aa1804995879296bc18e29f6079\",\"name\":\"SFX\",\"image\":{\"@type\":\"ImageObject\",\"inLanguage\":\"fr-FR\",\"@id\":\"https:\\\/\\\/secure.gravatar.com\\\/avatar\\\/07bfd37b8f63705a69f6cf495d94ca6f1715df0b74ed3c7b3eecdabbc4ef054e?s=96&d=mm&r=g\",\"url\":\"https:\\\/\\\/secure.gravatar.com\\\/avatar\\\/07bfd37b8f63705a69f6cf495d94ca6f1715df0b74ed3c7b3eecdabbc4ef054e?s=96&d=mm&r=g\",\"contentUrl\":\"https:\\\/\\\/secure.gravatar.com\\\/avatar\\\/07bfd37b8f63705a69f6cf495d94ca6f1715df0b74ed3c7b3eecdabbc4ef054e?s=96&d=mm&r=g\",\"caption\":\"SFX\"}}]}<\/script>\n<!-- \/ Yoast SEO plugin. -->","yoast_head_json":{"title":"Les enfants aussi font leur deuil - Comopolis","description":"Les enfants font \u00e9galement leur deuil lorsqu'ils perdent un \u00eatre cher et il y a des points d'attention. Como explique les choses.","robots":{"index":"index","follow":"follow","max-snippet":"max-snippet:-1","max-image-preview":"max-image-preview:large","max-video-preview":"max-video-preview:-1"},"canonical":"https:\/\/comopolis.be\/fr\/les-enfants-aussi-font-leur-deuil\/","og_locale":"fr_FR","og_type":"article","og_title":"Les enfants aussi font leur deuil - Comopolis","og_description":"Les enfants font \u00e9galement leur deuil lorsqu'ils perdent un \u00eatre cher et il y a des points d'attention. Como explique les choses.","og_url":"https:\/\/comopolis.be\/fr\/les-enfants-aussi-font-leur-deuil\/","og_site_name":"Comopolis","article_publisher":"https:\/\/www.facebook.com\/comopolis.be\/","article_published_time":"2024-02-22T19:11:17+00:00","article_modified_time":"2026-02-01T20:15:15+00:00","og_image":[{"width":640,"height":323,"url":"https:\/\/comopolis.be\/wp-content\/uploads\/2024\/02\/Rouw-bij-kinderen-normaal-1.jpeg","type":"image\/jpeg"}],"author":"SFX","twitter_card":"summary_large_image","twitter_misc":{"\u00c9crit par":"SFX","Dur\u00e9e de lecture estim\u00e9e":"3 minutes"},"schema":{"@context":"https:\/\/schema.org","@graph":[{"@type":"Article","@id":"https:\/\/comopolis.be\/fr\/les-enfants-aussi-font-leur-deuil\/#article","isPartOf":{"@id":"https:\/\/comopolis.be\/fr\/les-enfants-aussi-font-leur-deuil\/"},"author":{"name":"SFX","@id":"https:\/\/comopolis.be\/fr\/#\/schema\/person\/c01a2aa1804995879296bc18e29f6079"},"headline":"Les enfants aussi font leur deuil","datePublished":"2024-02-22T19:11:17+00:00","dateModified":"2026-02-01T20:15:15+00:00","mainEntityOfPage":{"@id":"https:\/\/comopolis.be\/fr\/les-enfants-aussi-font-leur-deuil\/"},"wordCount":531,"publisher":{"@id":"https:\/\/comopolis.be\/fr\/#organization"},"image":{"@id":"https:\/\/comopolis.be\/fr\/les-enfants-aussi-font-leur-deuil\/#primaryimage"},"thumbnailUrl":"https:\/\/comopolis.be\/wp-content\/uploads\/2024\/02\/Rouw-bij-kinderen-normaal-1.jpeg","articleSection":["Fun\u00e9railles"],"inLanguage":"fr-FR"},{"@type":"WebPage","@id":"https:\/\/comopolis.be\/fr\/les-enfants-aussi-font-leur-deuil\/","url":"https:\/\/comopolis.be\/fr\/les-enfants-aussi-font-leur-deuil\/","name":"Les enfants aussi font leur deuil - Comopolis","isPartOf":{"@id":"https:\/\/comopolis.be\/fr\/#website"},"primaryImageOfPage":{"@id":"https:\/\/comopolis.be\/fr\/les-enfants-aussi-font-leur-deuil\/#primaryimage"},"image":{"@id":"https:\/\/comopolis.be\/fr\/les-enfants-aussi-font-leur-deuil\/#primaryimage"},"thumbnailUrl":"https:\/\/comopolis.be\/wp-content\/uploads\/2024\/02\/Rouw-bij-kinderen-normaal-1.jpeg","datePublished":"2024-02-22T19:11:17+00:00","dateModified":"2026-02-01T20:15:15+00:00","description":"Les enfants font \u00e9galement leur deuil lorsqu'ils perdent un \u00eatre cher et il y a des points d'attention. Como explique les choses.","breadcrumb":{"@id":"https:\/\/comopolis.be\/fr\/les-enfants-aussi-font-leur-deuil\/#breadcrumb"},"inLanguage":"fr-FR","potentialAction":[{"@type":"ReadAction","target":["https:\/\/comopolis.be\/fr\/les-enfants-aussi-font-leur-deuil\/"]}]},{"@type":"ImageObject","inLanguage":"fr-FR","@id":"https:\/\/comopolis.be\/fr\/les-enfants-aussi-font-leur-deuil\/#primaryimage","url":"https:\/\/comopolis.be\/wp-content\/uploads\/2024\/02\/Rouw-bij-kinderen-normaal-1.jpeg","contentUrl":"https:\/\/comopolis.be\/wp-content\/uploads\/2024\/02\/Rouw-bij-kinderen-normaal-1.jpeg","width":640,"height":323,"caption":"Un enfant qui semble triste, debout derri\u00e8re une vitre bris\u00e9e."},{"@type":"BreadcrumbList","@id":"https:\/\/comopolis.be\/fr\/les-enfants-aussi-font-leur-deuil\/#breadcrumb","itemListElement":[{"@type":"ListItem","position":1,"name":"Home","item":"https:\/\/comopolis.be\/fr\/"},{"@type":"ListItem","position":2,"name":"Les enfants aussi font leur deuil"}]},{"@type":"WebSite","@id":"https:\/\/comopolis.be\/fr\/#website","url":"https:\/\/comopolis.be\/fr\/","name":"Comopolis","description":"","publisher":{"@id":"https:\/\/comopolis.be\/fr\/#organization"},"potentialAction":[{"@type":"SearchAction","target":{"@type":"EntryPoint","urlTemplate":"https:\/\/comopolis.be\/fr\/?s={search_term_string}"},"query-input":{"@type":"PropertyValueSpecification","valueRequired":true,"valueName":"search_term_string"}}],"inLanguage":"fr-FR"},{"@type":"Organization","@id":"https:\/\/comopolis.be\/fr\/#organization","name":"Comopolis","url":"https:\/\/comopolis.be\/fr\/","logo":{"@type":"ImageObject","inLanguage":"fr-FR","@id":"https:\/\/comopolis.be\/fr\/#\/schema\/logo\/image\/","url":"https:\/\/comopolis.be\/wp-content\/uploads\/2025\/01\/logo-bird.png","contentUrl":"https:\/\/comopolis.be\/wp-content\/uploads\/2025\/01\/logo-bird.png","width":1241,"height":1028,"caption":"Comopolis"},"image":{"@id":"https:\/\/comopolis.be\/fr\/#\/schema\/logo\/image\/"},"sameAs":["https:\/\/www.facebook.com\/comopolis.be\/","https:\/\/www.instagram.com\/comopolis\/","https:\/\/www.linkedin.com\/company\/comopolis\/"]},{"@type":"Person","@id":"https:\/\/comopolis.be\/fr\/#\/schema\/person\/c01a2aa1804995879296bc18e29f6079","name":"SFX","image":{"@type":"ImageObject","inLanguage":"fr-FR","@id":"https:\/\/secure.gravatar.com\/avatar\/07bfd37b8f63705a69f6cf495d94ca6f1715df0b74ed3c7b3eecdabbc4ef054e?s=96&d=mm&r=g","url":"https:\/\/secure.gravatar.com\/avatar\/07bfd37b8f63705a69f6cf495d94ca6f1715df0b74ed3c7b3eecdabbc4ef054e?s=96&d=mm&r=g","contentUrl":"https:\/\/secure.gravatar.com\/avatar\/07bfd37b8f63705a69f6cf495d94ca6f1715df0b74ed3c7b3eecdabbc4ef054e?s=96&d=mm&r=g","caption":"SFX"}}]}},"_links":{"self":[{"href":"https:\/\/comopolis.be\/fr\/wp-json\/wp\/v2\/posts\/3036","targetHints":{"allow":["GET"]}}],"collection":[{"href":"https:\/\/comopolis.be\/fr\/wp-json\/wp\/v2\/posts"}],"about":[{"href":"https:\/\/comopolis.be\/fr\/wp-json\/wp\/v2\/types\/post"}],"author":[{"embeddable":true,"href":"https:\/\/comopolis.be\/fr\/wp-json\/wp\/v2\/users\/1"}],"replies":[{"embeddable":true,"href":"https:\/\/comopolis.be\/fr\/wp-json\/wp\/v2\/comments?post=3036"}],"version-history":[{"count":2,"href":"https:\/\/comopolis.be\/fr\/wp-json\/wp\/v2\/posts\/3036\/revisions"}],"predecessor-version":[{"id":3048,"href":"https:\/\/comopolis.be\/fr\/wp-json\/wp\/v2\/posts\/3036\/revisions\/3048"}],"wp:featuredmedia":[{"embeddable":true,"href":"https:\/\/comopolis.be\/fr\/wp-json\/wp\/v2\/media\/4826"}],"wp:attachment":[{"href":"https:\/\/comopolis.be\/fr\/wp-json\/wp\/v2\/media?parent=3036"}],"wp:term":[{"taxonomy":"category","embeddable":true,"href":"https:\/\/comopolis.be\/fr\/wp-json\/wp\/v2\/categories?post=3036"},{"taxonomy":"post_tag","embeddable":true,"href":"https:\/\/comopolis.be\/fr\/wp-json\/wp\/v2\/tags?post=3036"}],"curies":[{"name":"wp","href":"https:\/\/api.w.org\/{rel}","templated":true}]}}