{"id":3019,"date":"2024-02-15T12:36:32","date_gmt":"2024-02-15T11:36:32","guid":{"rendered":"https:\/\/comopolis.be\/combien-coute-un-enterrement-ou-une-cremation\/"},"modified":"2026-02-06T13:47:42","modified_gmt":"2026-02-06T12:47:42","slug":"combien-coute-un-enterrement-ou-une-cremation","status":"publish","type":"post","link":"https:\/\/comopolis.be\/fr\/combien-coute-un-enterrement-ou-une-cremation\/","title":{"rendered":"Combien co\u00fbte un enterrement ou une cr\u00e9mation ?"},"content":{"rendered":"\n<p>C\u2019est une question simple. Cependant, nous n\u2019avons pas de r\u00e9ponse toute faite. Car le prix de vos obs\u00e8ques d\u00e9pend de vos choix ou de ceux de vos proches. Vous souhaitez des adieux sobres, standards ou exclusifs ? Ce sont les d\u00e9tails qui d\u00e9terminent le prix. Et le choix de l\u2019entrepreneur de pompes fun\u00e8bres, car il peut aussi y avoir de grandes diff\u00e9rences de prix \u00e0 ce niveau. Evitez de grosses surprises \u00e0 vos proches au bout du compte gr\u00e2ce \u00e0 <a href=\"https:\/\/comopolis.be\/fr\/assistance-deces\/\">une assurance obs\u00e8ques de qualit\u00e9<\/a>. De cette fa\u00e7on, ils peuvent se concentrer sur ce qui est important lorsque vous mourez : le deuil.<\/p>\n\n\n\n<h2 class=\"wp-block-heading\">Le co\u00fbt moyen des obs\u00e8ques<\/h2>\n\n\n\n<p>En Belgique, les frais fun\u00e9raires s&rsquo;\u00e9l\u00e8vent en moyenne \u00e0 environ 5.000 euros. Et veuillez noter que ce montant n&rsquo;inclut pas la collation apr\u00e8s les fun\u00e9railles, la pierre tombale, la concession de s\u00e9pulture ou de l&rsquo;urne murale et les \u00e9ventuels bijoux fun\u00e9raires. Additionnez ces \u00e9l\u00e9ments et la facture peut s&rsquo;\u00e9lever \u00e0 7 000 euros ou plus.<\/p>\n\n\n\n<p>Voici les co\u00fbts en d\u00e9tail\u2026<\/p>\n\n\n\n<h3 class=\"wp-block-heading\">Frais de cr\u00e9mation et d&rsquo;inhumation<\/h3>\n\n\n\n<p>Les frais de base pour des fun\u00e9railles \u2013 qu&rsquo;il s&rsquo;agisse d&rsquo;un enterrement ou d&rsquo;une cr\u00e9mation \u2013 se situent entre 1 000 et 2 000 euros. Ils sont constitu\u00e9s des \u00e9l\u00e9ments suivants :<\/p>\n\n\n\n<ul class=\"wp-block-list\">\n<li>transf\u00e9rer le d\u00e9funt<\/li>\n\n\n\n<li>prendre soin du d\u00e9funt<\/li>\n\n\n\n<li>mettre en bi\u00e8re le d\u00e9funt<\/li>\n\n\n\n<li>les formalit\u00e9s administratives<\/li>\n\n\n\n<li>organiser le dernier hommage du d\u00e9funt<\/li>\n<\/ul>\n\n\n\n<h3 class=\"wp-block-heading\">Cr\u00e9mation<\/h3>\n\n\n\n<p>Aujourd\u2019hui, 3 Flamands sur 4 optent pour la cr\u00e9mation. Le prix de la cr\u00e9mation d\u00e9pend entre autres du cr\u00e9matorium, du cercueil et de l&rsquo;urne. Les frais d&rsquo;une cr\u00e9mation peuvent s&rsquo;\u00e9lever \u00e0 2000 euros.<\/p>\n\n\n\n<h3 class=\"wp-block-heading\">Enterrement<\/h3>\n\n\n\n<p>Les frais pour un enterrement traditionnel sont les m\u00eames, environ 2000 euros. Comme mentionn\u00e9 ci-dessus, la pierre tombale et la concession ne sont pas encore incluses. Selon votre choix, une pierre tombale peut co\u00fbter tr\u00e8s cher. Discutez-en \u00e0 l\u2019avance avec votre entrepreneur de pompes fun\u00e8bres et \u00e9vitez les mauvaises surprises.<\/p>\n\n\n\n<h2 class=\"wp-block-heading\">Qui paie les frais fun\u00e9raires ?<\/h2>\n\n\n\n<p>Vous pouvez payer les frais d\u2019enterrement ou de cr\u00e9mation de diff\u00e9rentes mani\u00e8res. \u00c0 l&rsquo;avance \u00e0 partir de la succession, s&rsquo;il y a suffisamment d&rsquo;argent. Par exemple, la banque du d\u00e9funt peut r\u00e9gler directement le montant d\u00fb sur la base de la facture fun\u00e9raire.<\/p>\n\n\n\n<p>Une autre option consiste pour un h\u00e9ritier \u00e0 payer les frais fun\u00e9raires et \u00e0 r\u00e9cup\u00e9rer le montant ensuite aupr\u00e8s des autres h\u00e9ritiers. En effet, selon la loi, chaque h\u00e9ritier doit contribuer au paiement des dettes et des frais de succession. Ainsi qu\u2019au r\u00e8glement des fun\u00e9railles. Vous pouvez \u00e9galement int\u00e9grer les frais comme dette de la succession lors de la d\u00e9claration de la succession. Par cons\u00e9quent, vous devrez payer moins de droits de succession.<\/p>\n\n\n\n<p>Vous souhaitez en savoir plus sur l\u2019assistance d\u00e9c\u00e8s ? <a href=\"https:\/\/comopolis.be\/fr\/a-propos-de-nous\/contact\/\">Votre courtier Como<\/a> se tient \u00e0 votre enti\u00e8re disposition pour vous fournir conseils et assistance. Soyez les bienvenus pour \u00e9changer sur la question.<\/p>\n","protected":false},"excerpt":{"rendered":"<p>C\u2019est une question simple. Cependant, nous n\u2019avons pas de r\u00e9ponse toute faite. Car le prix de vos obs\u00e8ques d\u00e9pend de vos choix ou de ceux de vos proches. Vous souhaitez des adieux sobres, standards ou exclusifs ? Ce sont les d\u00e9tails qui d\u00e9terminent le prix. Et le choix de l\u2019entrepreneur de pompes fun\u00e8bres, car il &hellip; <a href=\"https:\/\/comopolis.be\/fr\/combien-coute-un-enterrement-ou-une-cremation\/\" class=\"more-link\">Continuer la lecture<span class=\"screen-reader-text\"> de &laquo;&nbsp;Combien co\u00fbte un enterrement ou une cr\u00e9mation ?&nbsp;&raquo;<\/span><\/a><\/p>\n","protected":false},"author":1,"featured_media":3022,"comment_status":"closed","ping_status":"closed","sticky":false,"template":"","format":"standard","meta":{"_acf_changed":false,"footnotes":""},"categories":[49,56],"tags":[],"class_list":["post-3019","post","type-post","status-publish","format-standard","has-post-thumbnail","hentry","category-assurance-obseques","category-funerailles"],"acf":[],"yoast_head":"<!-- This site is optimized with the Yoast SEO plugin v27.5 - https:\/\/yoast.com\/product\/yoast-seo-wordpress\/ -->\n<title>Enterrement ou cr\u00e9mation - Como<\/title>\n<meta name=\"description\" content=\"Combien co\u00fbte un enterrement ou une cr\u00e9mation ? Cela d\u00e9pend de votre choix ou de celui de vos h\u00e9ritiers. Como vous donne un aper\u00e7u.\" \/>\n<meta name=\"robots\" content=\"index, follow, max-snippet:-1, max-image-preview:large, max-video-preview:-1\" \/>\n<link rel=\"canonical\" href=\"https:\/\/comopolis.be\/fr\/combien-coute-un-enterrement-ou-une-cremation\/\" \/>\n<meta property=\"og:locale\" content=\"fr_FR\" \/>\n<meta property=\"og:type\" content=\"article\" \/>\n<meta property=\"og:title\" content=\"Enterrement ou cr\u00e9mation - Como\" \/>\n<meta property=\"og:description\" content=\"Combien co\u00fbte un enterrement ou une cr\u00e9mation ? Cela d\u00e9pend de votre choix ou de celui de vos h\u00e9ritiers. Como vous donne un aper\u00e7u.\" \/>\n<meta property=\"og:url\" content=\"https:\/\/comopolis.be\/fr\/combien-coute-un-enterrement-ou-une-cremation\/\" \/>\n<meta property=\"og:site_name\" content=\"Comopolis\" \/>\n<meta property=\"article:publisher\" content=\"https:\/\/www.facebook.com\/comopolis.be\/\" \/>\n<meta property=\"article:published_time\" content=\"2024-02-15T11:36:32+00:00\" \/>\n<meta property=\"article:modified_time\" content=\"2026-02-06T12:47:42+00:00\" \/>\n<meta property=\"og:image\" content=\"https:\/\/comopolis.be\/wp-content\/uploads\/2024\/02\/Prijs-van-begrafenis-of-crematie.jpg\" \/>\n\t<meta property=\"og:image:width\" content=\"1024\" \/>\n\t<meta property=\"og:image:height\" content=\"516\" \/>\n\t<meta property=\"og:image:type\" content=\"image\/jpeg\" \/>\n<meta name=\"author\" content=\"SFX\" \/>\n<meta name=\"twitter:card\" content=\"summary_large_image\" \/>\n<meta name=\"twitter:label1\" content=\"\u00c9crit par\" \/>\n\t<meta name=\"twitter:data1\" content=\"SFX\" \/>\n\t<meta name=\"twitter:label2\" content=\"Dur\u00e9e de lecture estim\u00e9e\" \/>\n\t<meta name=\"twitter:data2\" content=\"3 minutes\" \/>\n<script type=\"application\/ld+json\" class=\"yoast-schema-graph\">{\"@context\":\"https:\\\/\\\/schema.org\",\"@graph\":[{\"@type\":\"Article\",\"@id\":\"https:\\\/\\\/comopolis.be\\\/fr\\\/combien-coute-un-enterrement-ou-une-cremation\\\/#article\",\"isPartOf\":{\"@id\":\"https:\\\/\\\/comopolis.be\\\/fr\\\/combien-coute-un-enterrement-ou-une-cremation\\\/\"},\"author\":{\"name\":\"SFX\",\"@id\":\"https:\\\/\\\/comopolis.be\\\/fr\\\/#\\\/schema\\\/person\\\/c01a2aa1804995879296bc18e29f6079\"},\"headline\":\"Combien co\u00fbte un enterrement ou une cr\u00e9mation ?\",\"datePublished\":\"2024-02-15T11:36:32+00:00\",\"dateModified\":\"2026-02-06T12:47:42+00:00\",\"mainEntityOfPage\":{\"@id\":\"https:\\\/\\\/comopolis.be\\\/fr\\\/combien-coute-un-enterrement-ou-une-cremation\\\/\"},\"wordCount\":532,\"publisher\":{\"@id\":\"https:\\\/\\\/comopolis.be\\\/fr\\\/#organization\"},\"image\":{\"@id\":\"https:\\\/\\\/comopolis.be\\\/fr\\\/combien-coute-un-enterrement-ou-une-cremation\\\/#primaryimage\"},\"thumbnailUrl\":\"https:\\\/\\\/comopolis.be\\\/wp-content\\\/uploads\\\/2024\\\/02\\\/Prijs-van-begrafenis-of-crematie.jpg\",\"articleSection\":[\"Assurance obs\u00e8ques\",\"Fun\u00e9railles\"],\"inLanguage\":\"fr-FR\"},{\"@type\":\"WebPage\",\"@id\":\"https:\\\/\\\/comopolis.be\\\/fr\\\/combien-coute-un-enterrement-ou-une-cremation\\\/\",\"url\":\"https:\\\/\\\/comopolis.be\\\/fr\\\/combien-coute-un-enterrement-ou-une-cremation\\\/\",\"name\":\"Enterrement ou cr\u00e9mation - Como\",\"isPartOf\":{\"@id\":\"https:\\\/\\\/comopolis.be\\\/fr\\\/#website\"},\"primaryImageOfPage\":{\"@id\":\"https:\\\/\\\/comopolis.be\\\/fr\\\/combien-coute-un-enterrement-ou-une-cremation\\\/#primaryimage\"},\"image\":{\"@id\":\"https:\\\/\\\/comopolis.be\\\/fr\\\/combien-coute-un-enterrement-ou-une-cremation\\\/#primaryimage\"},\"thumbnailUrl\":\"https:\\\/\\\/comopolis.be\\\/wp-content\\\/uploads\\\/2024\\\/02\\\/Prijs-van-begrafenis-of-crematie.jpg\",\"datePublished\":\"2024-02-15T11:36:32+00:00\",\"dateModified\":\"2026-02-06T12:47:42+00:00\",\"description\":\"Combien co\u00fbte un enterrement ou une cr\u00e9mation ? Cela d\u00e9pend de votre choix ou de celui de vos h\u00e9ritiers. Como vous donne un aper\u00e7u.\",\"breadcrumb\":{\"@id\":\"https:\\\/\\\/comopolis.be\\\/fr\\\/combien-coute-un-enterrement-ou-une-cremation\\\/#breadcrumb\"},\"inLanguage\":\"fr-FR\",\"potentialAction\":[{\"@type\":\"ReadAction\",\"target\":[\"https:\\\/\\\/comopolis.be\\\/fr\\\/combien-coute-un-enterrement-ou-une-cremation\\\/\"]}]},{\"@type\":\"ImageObject\",\"inLanguage\":\"fr-FR\",\"@id\":\"https:\\\/\\\/comopolis.be\\\/fr\\\/combien-coute-un-enterrement-ou-une-cremation\\\/#primaryimage\",\"url\":\"https:\\\/\\\/comopolis.be\\\/wp-content\\\/uploads\\\/2024\\\/02\\\/Prijs-van-begrafenis-of-crematie.jpg\",\"contentUrl\":\"https:\\\/\\\/comopolis.be\\\/wp-content\\\/uploads\\\/2024\\\/02\\\/Prijs-van-begrafenis-of-crematie.jpg\",\"width\":1024,\"height\":516,\"caption\":\"Une illustration d\u2019oiseaux volant, faits \u00e0 partir de billets de banque.\"},{\"@type\":\"BreadcrumbList\",\"@id\":\"https:\\\/\\\/comopolis.be\\\/fr\\\/combien-coute-un-enterrement-ou-une-cremation\\\/#breadcrumb\",\"itemListElement\":[{\"@type\":\"ListItem\",\"position\":1,\"name\":\"Home\",\"item\":\"https:\\\/\\\/comopolis.be\\\/fr\\\/\"},{\"@type\":\"ListItem\",\"position\":2,\"name\":\"Combien co\u00fbte un enterrement ou une cr\u00e9mation ?\"}]},{\"@type\":\"WebSite\",\"@id\":\"https:\\\/\\\/comopolis.be\\\/fr\\\/#website\",\"url\":\"https:\\\/\\\/comopolis.be\\\/fr\\\/\",\"name\":\"Comopolis\",\"description\":\"\",\"publisher\":{\"@id\":\"https:\\\/\\\/comopolis.be\\\/fr\\\/#organization\"},\"potentialAction\":[{\"@type\":\"SearchAction\",\"target\":{\"@type\":\"EntryPoint\",\"urlTemplate\":\"https:\\\/\\\/comopolis.be\\\/fr\\\/?s={search_term_string}\"},\"query-input\":{\"@type\":\"PropertyValueSpecification\",\"valueRequired\":true,\"valueName\":\"search_term_string\"}}],\"inLanguage\":\"fr-FR\"},{\"@type\":\"Organization\",\"@id\":\"https:\\\/\\\/comopolis.be\\\/fr\\\/#organization\",\"name\":\"Comopolis\",\"url\":\"https:\\\/\\\/comopolis.be\\\/fr\\\/\",\"logo\":{\"@type\":\"ImageObject\",\"inLanguage\":\"fr-FR\",\"@id\":\"https:\\\/\\\/comopolis.be\\\/fr\\\/#\\\/schema\\\/logo\\\/image\\\/\",\"url\":\"https:\\\/\\\/comopolis.be\\\/wp-content\\\/uploads\\\/2025\\\/01\\\/logo-bird.png\",\"contentUrl\":\"https:\\\/\\\/comopolis.be\\\/wp-content\\\/uploads\\\/2025\\\/01\\\/logo-bird.png\",\"width\":1241,\"height\":1028,\"caption\":\"Comopolis\"},\"image\":{\"@id\":\"https:\\\/\\\/comopolis.be\\\/fr\\\/#\\\/schema\\\/logo\\\/image\\\/\"},\"sameAs\":[\"https:\\\/\\\/www.facebook.com\\\/comopolis.be\\\/\",\"https:\\\/\\\/www.instagram.com\\\/comopolis\\\/\",\"https:\\\/\\\/www.linkedin.com\\\/company\\\/comopolis\\\/\"]},{\"@type\":\"Person\",\"@id\":\"https:\\\/\\\/comopolis.be\\\/fr\\\/#\\\/schema\\\/person\\\/c01a2aa1804995879296bc18e29f6079\",\"name\":\"SFX\",\"image\":{\"@type\":\"ImageObject\",\"inLanguage\":\"fr-FR\",\"@id\":\"https:\\\/\\\/secure.gravatar.com\\\/avatar\\\/07bfd37b8f63705a69f6cf495d94ca6f1715df0b74ed3c7b3eecdabbc4ef054e?s=96&d=mm&r=g\",\"url\":\"https:\\\/\\\/secure.gravatar.com\\\/avatar\\\/07bfd37b8f63705a69f6cf495d94ca6f1715df0b74ed3c7b3eecdabbc4ef054e?s=96&d=mm&r=g\",\"contentUrl\":\"https:\\\/\\\/secure.gravatar.com\\\/avatar\\\/07bfd37b8f63705a69f6cf495d94ca6f1715df0b74ed3c7b3eecdabbc4ef054e?s=96&d=mm&r=g\",\"caption\":\"SFX\"}}]}<\/script>\n<!-- \/ Yoast SEO plugin. -->","yoast_head_json":{"title":"Enterrement ou cr\u00e9mation - Como","description":"Combien co\u00fbte un enterrement ou une cr\u00e9mation ? Cela d\u00e9pend de votre choix ou de celui de vos h\u00e9ritiers. Como vous donne un aper\u00e7u.","robots":{"index":"index","follow":"follow","max-snippet":"max-snippet:-1","max-image-preview":"max-image-preview:large","max-video-preview":"max-video-preview:-1"},"canonical":"https:\/\/comopolis.be\/fr\/combien-coute-un-enterrement-ou-une-cremation\/","og_locale":"fr_FR","og_type":"article","og_title":"Enterrement ou cr\u00e9mation - Como","og_description":"Combien co\u00fbte un enterrement ou une cr\u00e9mation ? Cela d\u00e9pend de votre choix ou de celui de vos h\u00e9ritiers. Como vous donne un aper\u00e7u.","og_url":"https:\/\/comopolis.be\/fr\/combien-coute-un-enterrement-ou-une-cremation\/","og_site_name":"Comopolis","article_publisher":"https:\/\/www.facebook.com\/comopolis.be\/","article_published_time":"2024-02-15T11:36:32+00:00","article_modified_time":"2026-02-06T12:47:42+00:00","og_image":[{"width":1024,"height":516,"url":"https:\/\/comopolis.be\/wp-content\/uploads\/2024\/02\/Prijs-van-begrafenis-of-crematie.jpg","type":"image\/jpeg"}],"author":"SFX","twitter_card":"summary_large_image","twitter_misc":{"\u00c9crit par":"SFX","Dur\u00e9e de lecture estim\u00e9e":"3 minutes"},"schema":{"@context":"https:\/\/schema.org","@graph":[{"@type":"Article","@id":"https:\/\/comopolis.be\/fr\/combien-coute-un-enterrement-ou-une-cremation\/#article","isPartOf":{"@id":"https:\/\/comopolis.be\/fr\/combien-coute-un-enterrement-ou-une-cremation\/"},"author":{"name":"SFX","@id":"https:\/\/comopolis.be\/fr\/#\/schema\/person\/c01a2aa1804995879296bc18e29f6079"},"headline":"Combien co\u00fbte un enterrement ou une cr\u00e9mation ?","datePublished":"2024-02-15T11:36:32+00:00","dateModified":"2026-02-06T12:47:42+00:00","mainEntityOfPage":{"@id":"https:\/\/comopolis.be\/fr\/combien-coute-un-enterrement-ou-une-cremation\/"},"wordCount":532,"publisher":{"@id":"https:\/\/comopolis.be\/fr\/#organization"},"image":{"@id":"https:\/\/comopolis.be\/fr\/combien-coute-un-enterrement-ou-une-cremation\/#primaryimage"},"thumbnailUrl":"https:\/\/comopolis.be\/wp-content\/uploads\/2024\/02\/Prijs-van-begrafenis-of-crematie.jpg","articleSection":["Assurance obs\u00e8ques","Fun\u00e9railles"],"inLanguage":"fr-FR"},{"@type":"WebPage","@id":"https:\/\/comopolis.be\/fr\/combien-coute-un-enterrement-ou-une-cremation\/","url":"https:\/\/comopolis.be\/fr\/combien-coute-un-enterrement-ou-une-cremation\/","name":"Enterrement ou cr\u00e9mation - Como","isPartOf":{"@id":"https:\/\/comopolis.be\/fr\/#website"},"primaryImageOfPage":{"@id":"https:\/\/comopolis.be\/fr\/combien-coute-un-enterrement-ou-une-cremation\/#primaryimage"},"image":{"@id":"https:\/\/comopolis.be\/fr\/combien-coute-un-enterrement-ou-une-cremation\/#primaryimage"},"thumbnailUrl":"https:\/\/comopolis.be\/wp-content\/uploads\/2024\/02\/Prijs-van-begrafenis-of-crematie.jpg","datePublished":"2024-02-15T11:36:32+00:00","dateModified":"2026-02-06T12:47:42+00:00","description":"Combien co\u00fbte un enterrement ou une cr\u00e9mation ? Cela d\u00e9pend de votre choix ou de celui de vos h\u00e9ritiers. Como vous donne un aper\u00e7u.","breadcrumb":{"@id":"https:\/\/comopolis.be\/fr\/combien-coute-un-enterrement-ou-une-cremation\/#breadcrumb"},"inLanguage":"fr-FR","potentialAction":[{"@type":"ReadAction","target":["https:\/\/comopolis.be\/fr\/combien-coute-un-enterrement-ou-une-cremation\/"]}]},{"@type":"ImageObject","inLanguage":"fr-FR","@id":"https:\/\/comopolis.be\/fr\/combien-coute-un-enterrement-ou-une-cremation\/#primaryimage","url":"https:\/\/comopolis.be\/wp-content\/uploads\/2024\/02\/Prijs-van-begrafenis-of-crematie.jpg","contentUrl":"https:\/\/comopolis.be\/wp-content\/uploads\/2024\/02\/Prijs-van-begrafenis-of-crematie.jpg","width":1024,"height":516,"caption":"Une illustration d\u2019oiseaux volant, faits \u00e0 partir de billets de banque."},{"@type":"BreadcrumbList","@id":"https:\/\/comopolis.be\/fr\/combien-coute-un-enterrement-ou-une-cremation\/#breadcrumb","itemListElement":[{"@type":"ListItem","position":1,"name":"Home","item":"https:\/\/comopolis.be\/fr\/"},{"@type":"ListItem","position":2,"name":"Combien co\u00fbte un enterrement ou une cr\u00e9mation ?"}]},{"@type":"WebSite","@id":"https:\/\/comopolis.be\/fr\/#website","url":"https:\/\/comopolis.be\/fr\/","name":"Comopolis","description":"","publisher":{"@id":"https:\/\/comopolis.be\/fr\/#organization"},"potentialAction":[{"@type":"SearchAction","target":{"@type":"EntryPoint","urlTemplate":"https:\/\/comopolis.be\/fr\/?s={search_term_string}"},"query-input":{"@type":"PropertyValueSpecification","valueRequired":true,"valueName":"search_term_string"}}],"inLanguage":"fr-FR"},{"@type":"Organization","@id":"https:\/\/comopolis.be\/fr\/#organization","name":"Comopolis","url":"https:\/\/comopolis.be\/fr\/","logo":{"@type":"ImageObject","inLanguage":"fr-FR","@id":"https:\/\/comopolis.be\/fr\/#\/schema\/logo\/image\/","url":"https:\/\/comopolis.be\/wp-content\/uploads\/2025\/01\/logo-bird.png","contentUrl":"https:\/\/comopolis.be\/wp-content\/uploads\/2025\/01\/logo-bird.png","width":1241,"height":1028,"caption":"Comopolis"},"image":{"@id":"https:\/\/comopolis.be\/fr\/#\/schema\/logo\/image\/"},"sameAs":["https:\/\/www.facebook.com\/comopolis.be\/","https:\/\/www.instagram.com\/comopolis\/","https:\/\/www.linkedin.com\/company\/comopolis\/"]},{"@type":"Person","@id":"https:\/\/comopolis.be\/fr\/#\/schema\/person\/c01a2aa1804995879296bc18e29f6079","name":"SFX","image":{"@type":"ImageObject","inLanguage":"fr-FR","@id":"https:\/\/secure.gravatar.com\/avatar\/07bfd37b8f63705a69f6cf495d94ca6f1715df0b74ed3c7b3eecdabbc4ef054e?s=96&d=mm&r=g","url":"https:\/\/secure.gravatar.com\/avatar\/07bfd37b8f63705a69f6cf495d94ca6f1715df0b74ed3c7b3eecdabbc4ef054e?s=96&d=mm&r=g","contentUrl":"https:\/\/secure.gravatar.com\/avatar\/07bfd37b8f63705a69f6cf495d94ca6f1715df0b74ed3c7b3eecdabbc4ef054e?s=96&d=mm&r=g","caption":"SFX"}}]}},"_links":{"self":[{"href":"https:\/\/comopolis.be\/fr\/wp-json\/wp\/v2\/posts\/3019","targetHints":{"allow":["GET"]}}],"collection":[{"href":"https:\/\/comopolis.be\/fr\/wp-json\/wp\/v2\/posts"}],"about":[{"href":"https:\/\/comopolis.be\/fr\/wp-json\/wp\/v2\/types\/post"}],"author":[{"embeddable":true,"href":"https:\/\/comopolis.be\/fr\/wp-json\/wp\/v2\/users\/1"}],"replies":[{"embeddable":true,"href":"https:\/\/comopolis.be\/fr\/wp-json\/wp\/v2\/comments?post=3019"}],"version-history":[{"count":2,"href":"https:\/\/comopolis.be\/fr\/wp-json\/wp\/v2\/posts\/3019\/revisions"}],"predecessor-version":[{"id":3047,"href":"https:\/\/comopolis.be\/fr\/wp-json\/wp\/v2\/posts\/3019\/revisions\/3047"}],"wp:featuredmedia":[{"embeddable":true,"href":"https:\/\/comopolis.be\/fr\/wp-json\/wp\/v2\/media\/3022"}],"wp:attachment":[{"href":"https:\/\/comopolis.be\/fr\/wp-json\/wp\/v2\/media?parent=3019"}],"wp:term":[{"taxonomy":"category","embeddable":true,"href":"https:\/\/comopolis.be\/fr\/wp-json\/wp\/v2\/categories?post=3019"},{"taxonomy":"post_tag","embeddable":true,"href":"https:\/\/comopolis.be\/fr\/wp-json\/wp\/v2\/tags?post=3019"}],"curies":[{"name":"wp","href":"https:\/\/api.w.org\/{rel}","templated":true}]}}