{"id":1216,"date":"2019-07-19T10:00:26","date_gmt":"2019-07-19T10:00:26","guid":{"rendered":"https:\/\/comopolis.be\/?p=1216"},"modified":"2026-02-06T14:01:17","modified_gmt":"2026-02-06T13:01:17","slug":"les-belges-vivent-toujours-plus-vieux","status":"publish","type":"post","link":"https:\/\/comopolis.be\/fr\/les-belges-vivent-toujours-plus-vieux\/","title":{"rendered":"Les Belges vivent toujours plus vieux"},"content":{"rendered":"\n<p>L&rsquo;esp\u00e9rance de vie \u00e0 la naissance a tr\u00e8s l\u00e9g\u00e8rement progress\u00e9 en Belgique l&rsquo;ann\u00e9e derni\u00e8re, indique mercredi l&rsquo;office belge de statistique Statbel. Elle s&rsquo;\u00e9tablissait \u00e0 81,4 ans en 2017, soit une augmentation de 0,1 an par rapport \u00e0 2016.<\/p>\n\n\n\n<p>En Belgique, l&rsquo;esp\u00e9rance de vie a d\u00e9pass\u00e9 les 80 ans en 2010 et a poursuivi sa progression chaque ann\u00e9e, \u00e0 l&rsquo;exception d&rsquo;un recul en 2015 (-0,17 an par rapport \u00e0 2014). Dans le d\u00e9tail, elle atteignait 83,7 ans pour les femmes et 79 ans pour les hommes l&rsquo;ann\u00e9e derni\u00e8re.<\/p>\n\n\n\n<p>Ces statistiques sont meilleures en France avec une esp\u00e9rance de vie de 85,3 ans pour les femmes et de 79,5 ans pour les hommes en 2017, d&rsquo;apr\u00e8s l&rsquo;Institut national de la statistique et des \u00e9tudes \u00e9conomiques (Insee).<\/p>\n\n\n\n<p>Les Flamands devant les Bruxellois et les Wallons<br>L&rsquo;esp\u00e9rance de vie \u00e0 la naissance \u00e9tait par ailleurs plus \u00e9lev\u00e9e en Flandre (82,2 ans) qu&rsquo;\u00e0 Bruxelles (81,2 ans) et en Wallonie (79,8 ans). La R\u00e9gion wallonne a toutefois enregistr\u00e9 la plus forte hausse l&rsquo;ann\u00e9e derni\u00e8re avec un gain de 82 jours (0,22 an) pour les deux sexes r\u00e9unis. Cette progression se limite \u00e0 18 jours en Flandre alors qu&rsquo;une baisse de 10 jours est observ\u00e9e dans la R\u00e9gion de Bruxelles-Capitale.<\/p>\n\n\n\n<p>Selon les tables trisannuelles 2015-2017 de Statbel, qui fournissent \u00e9galement des statistiques provinciales, le Brabant flamand pr\u00e9sente la meilleure situation sanitaire (82,48 ans), devant le Limbourg (82,40 ans), la Flandre occidentale (82,00 ans) et la province d&rsquo;Anvers (81,97 ans). Les provinces de Luxembourg (79,83 ans), de Li\u00e8ge (79,64 ans), de Namur (79,42 ans) et de Hainaut (78,85 ans) se situent elles sous la moyenne nationale.<\/p>\n","protected":false},"excerpt":{"rendered":"<p>L&rsquo;esp\u00e9rance de vie \u00e0 la naissance a tr\u00e8s l\u00e9g\u00e8rement progress\u00e9 en Belgique l&rsquo;ann\u00e9e derni\u00e8re, indique mercredi l&rsquo;office belge de statistique Statbel. Elle s&rsquo;\u00e9tablissait \u00e0 81,4 ans en 2017, soit une augmentation de 0,1 an par rapport \u00e0 2016. En Belgique, l&rsquo;esp\u00e9rance de vie a d\u00e9pass\u00e9 les 80 ans en 2010 et a poursuivi sa progression &hellip; <a href=\"https:\/\/comopolis.be\/fr\/les-belges-vivent-toujours-plus-vieux\/\" class=\"more-link\">Continuer la lecture<span class=\"screen-reader-text\"> de &laquo;&nbsp;Les Belges vivent toujours plus vieux&nbsp;&raquo;<\/span><\/a><\/p>\n","protected":false},"author":3,"featured_media":1217,"comment_status":"closed","ping_status":"closed","sticky":false,"template":"","format":"standard","meta":{"_acf_changed":false,"footnotes":""},"categories":[49,51],"tags":[],"class_list":["post-1216","post","type-post","status-publish","format-standard","has-post-thumbnail","hentry","category-assurance-obseques","category-pension"],"acf":[],"yoast_head":"<!-- This site is optimized with the Yoast SEO plugin v27.5 - https:\/\/yoast.com\/product\/yoast-seo-wordpress\/ -->\n<title>Les Belges vivent toujours plus vieux - Comopolis<\/title>\n<meta name=\"robots\" content=\"index, follow, max-snippet:-1, max-image-preview:large, max-video-preview:-1\" \/>\n<link rel=\"canonical\" href=\"https:\/\/comopolis.be\/fr\/les-belges-vivent-toujours-plus-vieux\/\" \/>\n<meta property=\"og:locale\" content=\"fr_FR\" \/>\n<meta property=\"og:type\" content=\"article\" \/>\n<meta property=\"og:title\" content=\"Les Belges vivent toujours plus vieux - Comopolis\" \/>\n<meta property=\"og:description\" content=\"L&rsquo;esp\u00e9rance de vie \u00e0 la naissance a tr\u00e8s l\u00e9g\u00e8rement progress\u00e9 en Belgique l&rsquo;ann\u00e9e derni\u00e8re, indique mercredi l&rsquo;office belge de statistique Statbel. Elle s&rsquo;\u00e9tablissait \u00e0 81,4 ans en 2017, soit une augmentation de 0,1 an par rapport \u00e0 2016. En Belgique, l&rsquo;esp\u00e9rance de vie a d\u00e9pass\u00e9 les 80 ans en 2010 et a poursuivi sa progression &hellip; Continuer la lecture de &laquo;&nbsp;Les Belges vivent toujours plus vieux&nbsp;&raquo;\" \/>\n<meta property=\"og:url\" content=\"https:\/\/comopolis.be\/fr\/les-belges-vivent-toujours-plus-vieux\/\" \/>\n<meta property=\"og:site_name\" content=\"Comopolis\" \/>\n<meta property=\"article:publisher\" content=\"https:\/\/www.facebook.com\/comopolis.be\/\" \/>\n<meta property=\"article:published_time\" content=\"2019-07-19T10:00:26+00:00\" \/>\n<meta property=\"article:modified_time\" content=\"2026-02-06T13:01:17+00:00\" \/>\n<meta property=\"og:image\" content=\"https:\/\/comopolis.be\/wp-content\/uploads\/2019\/07\/694.jpg\" \/>\n\t<meta property=\"og:image:width\" content=\"694\" \/>\n\t<meta property=\"og:image:height\" content=\"392\" \/>\n\t<meta property=\"og:image:type\" content=\"image\/jpeg\" \/>\n<meta name=\"author\" content=\"Como\" \/>\n<meta name=\"twitter:card\" content=\"summary_large_image\" \/>\n<meta name=\"twitter:label1\" content=\"\u00c9crit par\" \/>\n\t<meta name=\"twitter:data1\" content=\"Como\" \/>\n\t<meta name=\"twitter:label2\" content=\"Dur\u00e9e de lecture estim\u00e9e\" \/>\n\t<meta name=\"twitter:data2\" content=\"2 minutes\" \/>\n<script type=\"application\/ld+json\" class=\"yoast-schema-graph\">{\"@context\":\"https:\\\/\\\/schema.org\",\"@graph\":[{\"@type\":\"Article\",\"@id\":\"https:\\\/\\\/comopolis.be\\\/fr\\\/les-belges-vivent-toujours-plus-vieux\\\/#article\",\"isPartOf\":{\"@id\":\"https:\\\/\\\/comopolis.be\\\/fr\\\/les-belges-vivent-toujours-plus-vieux\\\/\"},\"author\":{\"name\":\"Como\",\"@id\":\"https:\\\/\\\/comopolis.be\\\/fr\\\/#\\\/schema\\\/person\\\/3d35fb5d9f1e5af63b4390733b88b82e\"},\"headline\":\"Les Belges vivent toujours plus vieux\",\"datePublished\":\"2019-07-19T10:00:26+00:00\",\"dateModified\":\"2026-02-06T13:01:17+00:00\",\"mainEntityOfPage\":{\"@id\":\"https:\\\/\\\/comopolis.be\\\/fr\\\/les-belges-vivent-toujours-plus-vieux\\\/\"},\"wordCount\":276,\"publisher\":{\"@id\":\"https:\\\/\\\/comopolis.be\\\/fr\\\/#organization\"},\"image\":{\"@id\":\"https:\\\/\\\/comopolis.be\\\/fr\\\/les-belges-vivent-toujours-plus-vieux\\\/#primaryimage\"},\"thumbnailUrl\":\"https:\\\/\\\/comopolis.be\\\/wp-content\\\/uploads\\\/2019\\\/07\\\/694.jpg\",\"articleSection\":[\"Assurance obs\u00e8ques\",\"Pension\"],\"inLanguage\":\"fr-FR\"},{\"@type\":\"WebPage\",\"@id\":\"https:\\\/\\\/comopolis.be\\\/fr\\\/les-belges-vivent-toujours-plus-vieux\\\/\",\"url\":\"https:\\\/\\\/comopolis.be\\\/fr\\\/les-belges-vivent-toujours-plus-vieux\\\/\",\"name\":\"Les Belges vivent toujours plus vieux - Comopolis\",\"isPartOf\":{\"@id\":\"https:\\\/\\\/comopolis.be\\\/fr\\\/#website\"},\"primaryImageOfPage\":{\"@id\":\"https:\\\/\\\/comopolis.be\\\/fr\\\/les-belges-vivent-toujours-plus-vieux\\\/#primaryimage\"},\"image\":{\"@id\":\"https:\\\/\\\/comopolis.be\\\/fr\\\/les-belges-vivent-toujours-plus-vieux\\\/#primaryimage\"},\"thumbnailUrl\":\"https:\\\/\\\/comopolis.be\\\/wp-content\\\/uploads\\\/2019\\\/07\\\/694.jpg\",\"datePublished\":\"2019-07-19T10:00:26+00:00\",\"dateModified\":\"2026-02-06T13:01:17+00:00\",\"breadcrumb\":{\"@id\":\"https:\\\/\\\/comopolis.be\\\/fr\\\/les-belges-vivent-toujours-plus-vieux\\\/#breadcrumb\"},\"inLanguage\":\"fr-FR\",\"potentialAction\":[{\"@type\":\"ReadAction\",\"target\":[\"https:\\\/\\\/comopolis.be\\\/fr\\\/les-belges-vivent-toujours-plus-vieux\\\/\"]}]},{\"@type\":\"ImageObject\",\"inLanguage\":\"fr-FR\",\"@id\":\"https:\\\/\\\/comopolis.be\\\/fr\\\/les-belges-vivent-toujours-plus-vieux\\\/#primaryimage\",\"url\":\"https:\\\/\\\/comopolis.be\\\/wp-content\\\/uploads\\\/2019\\\/07\\\/694.jpg\",\"contentUrl\":\"https:\\\/\\\/comopolis.be\\\/wp-content\\\/uploads\\\/2019\\\/07\\\/694.jpg\",\"width\":694,\"height\":392,\"caption\":\"Deux mains qui se tiennent dans les tribunes. L\u2019une porte une alliance.\"},{\"@type\":\"BreadcrumbList\",\"@id\":\"https:\\\/\\\/comopolis.be\\\/fr\\\/les-belges-vivent-toujours-plus-vieux\\\/#breadcrumb\",\"itemListElement\":[{\"@type\":\"ListItem\",\"position\":1,\"name\":\"Home\",\"item\":\"https:\\\/\\\/comopolis.be\\\/fr\\\/\"},{\"@type\":\"ListItem\",\"position\":2,\"name\":\"Les Belges vivent toujours plus vieux\"}]},{\"@type\":\"WebSite\",\"@id\":\"https:\\\/\\\/comopolis.be\\\/fr\\\/#website\",\"url\":\"https:\\\/\\\/comopolis.be\\\/fr\\\/\",\"name\":\"Comopolis\",\"description\":\"\",\"publisher\":{\"@id\":\"https:\\\/\\\/comopolis.be\\\/fr\\\/#organization\"},\"potentialAction\":[{\"@type\":\"SearchAction\",\"target\":{\"@type\":\"EntryPoint\",\"urlTemplate\":\"https:\\\/\\\/comopolis.be\\\/fr\\\/?s={search_term_string}\"},\"query-input\":{\"@type\":\"PropertyValueSpecification\",\"valueRequired\":true,\"valueName\":\"search_term_string\"}}],\"inLanguage\":\"fr-FR\"},{\"@type\":\"Organization\",\"@id\":\"https:\\\/\\\/comopolis.be\\\/fr\\\/#organization\",\"name\":\"Comopolis\",\"url\":\"https:\\\/\\\/comopolis.be\\\/fr\\\/\",\"logo\":{\"@type\":\"ImageObject\",\"inLanguage\":\"fr-FR\",\"@id\":\"https:\\\/\\\/comopolis.be\\\/fr\\\/#\\\/schema\\\/logo\\\/image\\\/\",\"url\":\"https:\\\/\\\/comopolis.be\\\/wp-content\\\/uploads\\\/2025\\\/01\\\/logo-bird.png\",\"contentUrl\":\"https:\\\/\\\/comopolis.be\\\/wp-content\\\/uploads\\\/2025\\\/01\\\/logo-bird.png\",\"width\":1241,\"height\":1028,\"caption\":\"Comopolis\"},\"image\":{\"@id\":\"https:\\\/\\\/comopolis.be\\\/fr\\\/#\\\/schema\\\/logo\\\/image\\\/\"},\"sameAs\":[\"https:\\\/\\\/www.facebook.com\\\/comopolis.be\\\/\",\"https:\\\/\\\/www.instagram.com\\\/comopolis\\\/\",\"https:\\\/\\\/www.linkedin.com\\\/company\\\/comopolis\\\/\"]},{\"@type\":\"Person\",\"@id\":\"https:\\\/\\\/comopolis.be\\\/fr\\\/#\\\/schema\\\/person\\\/3d35fb5d9f1e5af63b4390733b88b82e\",\"name\":\"Como\",\"image\":{\"@type\":\"ImageObject\",\"inLanguage\":\"fr-FR\",\"@id\":\"https:\\\/\\\/secure.gravatar.com\\\/avatar\\\/de3de28fc216132ecf2e062df3fefc3d6f58583a4064f867483c768decb72aa2?s=96&d=mm&r=g\",\"url\":\"https:\\\/\\\/secure.gravatar.com\\\/avatar\\\/de3de28fc216132ecf2e062df3fefc3d6f58583a4064f867483c768decb72aa2?s=96&d=mm&r=g\",\"contentUrl\":\"https:\\\/\\\/secure.gravatar.com\\\/avatar\\\/de3de28fc216132ecf2e062df3fefc3d6f58583a4064f867483c768decb72aa2?s=96&d=mm&r=g\",\"caption\":\"Como\"}}]}<\/script>\n<!-- \/ Yoast SEO plugin. -->","yoast_head_json":{"title":"Les Belges vivent toujours plus vieux - Comopolis","robots":{"index":"index","follow":"follow","max-snippet":"max-snippet:-1","max-image-preview":"max-image-preview:large","max-video-preview":"max-video-preview:-1"},"canonical":"https:\/\/comopolis.be\/fr\/les-belges-vivent-toujours-plus-vieux\/","og_locale":"fr_FR","og_type":"article","og_title":"Les Belges vivent toujours plus vieux - Comopolis","og_description":"L&rsquo;esp\u00e9rance de vie \u00e0 la naissance a tr\u00e8s l\u00e9g\u00e8rement progress\u00e9 en Belgique l&rsquo;ann\u00e9e derni\u00e8re, indique mercredi l&rsquo;office belge de statistique Statbel. Elle s&rsquo;\u00e9tablissait \u00e0 81,4 ans en 2017, soit une augmentation de 0,1 an par rapport \u00e0 2016. En Belgique, l&rsquo;esp\u00e9rance de vie a d\u00e9pass\u00e9 les 80 ans en 2010 et a poursuivi sa progression &hellip; Continuer la lecture de &laquo;&nbsp;Les Belges vivent toujours plus vieux&nbsp;&raquo;","og_url":"https:\/\/comopolis.be\/fr\/les-belges-vivent-toujours-plus-vieux\/","og_site_name":"Comopolis","article_publisher":"https:\/\/www.facebook.com\/comopolis.be\/","article_published_time":"2019-07-19T10:00:26+00:00","article_modified_time":"2026-02-06T13:01:17+00:00","og_image":[{"width":694,"height":392,"url":"https:\/\/comopolis.be\/wp-content\/uploads\/2019\/07\/694.jpg","type":"image\/jpeg"}],"author":"Como","twitter_card":"summary_large_image","twitter_misc":{"\u00c9crit par":"Como","Dur\u00e9e de lecture estim\u00e9e":"2 minutes"},"schema":{"@context":"https:\/\/schema.org","@graph":[{"@type":"Article","@id":"https:\/\/comopolis.be\/fr\/les-belges-vivent-toujours-plus-vieux\/#article","isPartOf":{"@id":"https:\/\/comopolis.be\/fr\/les-belges-vivent-toujours-plus-vieux\/"},"author":{"name":"Como","@id":"https:\/\/comopolis.be\/fr\/#\/schema\/person\/3d35fb5d9f1e5af63b4390733b88b82e"},"headline":"Les Belges vivent toujours plus vieux","datePublished":"2019-07-19T10:00:26+00:00","dateModified":"2026-02-06T13:01:17+00:00","mainEntityOfPage":{"@id":"https:\/\/comopolis.be\/fr\/les-belges-vivent-toujours-plus-vieux\/"},"wordCount":276,"publisher":{"@id":"https:\/\/comopolis.be\/fr\/#organization"},"image":{"@id":"https:\/\/comopolis.be\/fr\/les-belges-vivent-toujours-plus-vieux\/#primaryimage"},"thumbnailUrl":"https:\/\/comopolis.be\/wp-content\/uploads\/2019\/07\/694.jpg","articleSection":["Assurance obs\u00e8ques","Pension"],"inLanguage":"fr-FR"},{"@type":"WebPage","@id":"https:\/\/comopolis.be\/fr\/les-belges-vivent-toujours-plus-vieux\/","url":"https:\/\/comopolis.be\/fr\/les-belges-vivent-toujours-plus-vieux\/","name":"Les Belges vivent toujours plus vieux - Comopolis","isPartOf":{"@id":"https:\/\/comopolis.be\/fr\/#website"},"primaryImageOfPage":{"@id":"https:\/\/comopolis.be\/fr\/les-belges-vivent-toujours-plus-vieux\/#primaryimage"},"image":{"@id":"https:\/\/comopolis.be\/fr\/les-belges-vivent-toujours-plus-vieux\/#primaryimage"},"thumbnailUrl":"https:\/\/comopolis.be\/wp-content\/uploads\/2019\/07\/694.jpg","datePublished":"2019-07-19T10:00:26+00:00","dateModified":"2026-02-06T13:01:17+00:00","breadcrumb":{"@id":"https:\/\/comopolis.be\/fr\/les-belges-vivent-toujours-plus-vieux\/#breadcrumb"},"inLanguage":"fr-FR","potentialAction":[{"@type":"ReadAction","target":["https:\/\/comopolis.be\/fr\/les-belges-vivent-toujours-plus-vieux\/"]}]},{"@type":"ImageObject","inLanguage":"fr-FR","@id":"https:\/\/comopolis.be\/fr\/les-belges-vivent-toujours-plus-vieux\/#primaryimage","url":"https:\/\/comopolis.be\/wp-content\/uploads\/2019\/07\/694.jpg","contentUrl":"https:\/\/comopolis.be\/wp-content\/uploads\/2019\/07\/694.jpg","width":694,"height":392,"caption":"Deux mains qui se tiennent dans les tribunes. L\u2019une porte une alliance."},{"@type":"BreadcrumbList","@id":"https:\/\/comopolis.be\/fr\/les-belges-vivent-toujours-plus-vieux\/#breadcrumb","itemListElement":[{"@type":"ListItem","position":1,"name":"Home","item":"https:\/\/comopolis.be\/fr\/"},{"@type":"ListItem","position":2,"name":"Les Belges vivent toujours plus vieux"}]},{"@type":"WebSite","@id":"https:\/\/comopolis.be\/fr\/#website","url":"https:\/\/comopolis.be\/fr\/","name":"Comopolis","description":"","publisher":{"@id":"https:\/\/comopolis.be\/fr\/#organization"},"potentialAction":[{"@type":"SearchAction","target":{"@type":"EntryPoint","urlTemplate":"https:\/\/comopolis.be\/fr\/?s={search_term_string}"},"query-input":{"@type":"PropertyValueSpecification","valueRequired":true,"valueName":"search_term_string"}}],"inLanguage":"fr-FR"},{"@type":"Organization","@id":"https:\/\/comopolis.be\/fr\/#organization","name":"Comopolis","url":"https:\/\/comopolis.be\/fr\/","logo":{"@type":"ImageObject","inLanguage":"fr-FR","@id":"https:\/\/comopolis.be\/fr\/#\/schema\/logo\/image\/","url":"https:\/\/comopolis.be\/wp-content\/uploads\/2025\/01\/logo-bird.png","contentUrl":"https:\/\/comopolis.be\/wp-content\/uploads\/2025\/01\/logo-bird.png","width":1241,"height":1028,"caption":"Comopolis"},"image":{"@id":"https:\/\/comopolis.be\/fr\/#\/schema\/logo\/image\/"},"sameAs":["https:\/\/www.facebook.com\/comopolis.be\/","https:\/\/www.instagram.com\/comopolis\/","https:\/\/www.linkedin.com\/company\/comopolis\/"]},{"@type":"Person","@id":"https:\/\/comopolis.be\/fr\/#\/schema\/person\/3d35fb5d9f1e5af63b4390733b88b82e","name":"Como","image":{"@type":"ImageObject","inLanguage":"fr-FR","@id":"https:\/\/secure.gravatar.com\/avatar\/de3de28fc216132ecf2e062df3fefc3d6f58583a4064f867483c768decb72aa2?s=96&d=mm&r=g","url":"https:\/\/secure.gravatar.com\/avatar\/de3de28fc216132ecf2e062df3fefc3d6f58583a4064f867483c768decb72aa2?s=96&d=mm&r=g","contentUrl":"https:\/\/secure.gravatar.com\/avatar\/de3de28fc216132ecf2e062df3fefc3d6f58583a4064f867483c768decb72aa2?s=96&d=mm&r=g","caption":"Como"}}]}},"_links":{"self":[{"href":"https:\/\/comopolis.be\/fr\/wp-json\/wp\/v2\/posts\/1216","targetHints":{"allow":["GET"]}}],"collection":[{"href":"https:\/\/comopolis.be\/fr\/wp-json\/wp\/v2\/posts"}],"about":[{"href":"https:\/\/comopolis.be\/fr\/wp-json\/wp\/v2\/types\/post"}],"author":[{"embeddable":true,"href":"https:\/\/comopolis.be\/fr\/wp-json\/wp\/v2\/users\/3"}],"replies":[{"embeddable":true,"href":"https:\/\/comopolis.be\/fr\/wp-json\/wp\/v2\/comments?post=1216"}],"version-history":[{"count":1,"href":"https:\/\/comopolis.be\/fr\/wp-json\/wp\/v2\/posts\/1216\/revisions"}],"predecessor-version":[{"id":1219,"href":"https:\/\/comopolis.be\/fr\/wp-json\/wp\/v2\/posts\/1216\/revisions\/1219"}],"wp:featuredmedia":[{"embeddable":true,"href":"https:\/\/comopolis.be\/fr\/wp-json\/wp\/v2\/media\/1217"}],"wp:attachment":[{"href":"https:\/\/comopolis.be\/fr\/wp-json\/wp\/v2\/media?parent=1216"}],"wp:term":[{"taxonomy":"category","embeddable":true,"href":"https:\/\/comopolis.be\/fr\/wp-json\/wp\/v2\/categories?post=1216"},{"taxonomy":"post_tag","embeddable":true,"href":"https:\/\/comopolis.be\/fr\/wp-json\/wp\/v2\/tags?post=1216"}],"curies":[{"name":"wp","href":"https:\/\/api.w.org\/{rel}","templated":true}]}}