{"id":1159,"date":"2019-06-25T08:23:50","date_gmt":"2019-06-25T08:23:50","guid":{"rendered":"https:\/\/comopolis.be\/?p=1159"},"modified":"2026-02-06T13:58:54","modified_gmt":"2026-02-06T12:58:54","slug":"penser-a-ses-obseques-cest-aussi-penser-a-ses-proches","status":"publish","type":"post","link":"https:\/\/comopolis.be\/fr\/penser-a-ses-obseques-cest-aussi-penser-a-ses-proches\/","title":{"rendered":"Penser \u00e0 ses obs\u00e8ques, c\u2019est aussi penser \u00e0 ses proches"},"content":{"rendered":"\n<p>Le d\u00e9c\u00e8s d\u2019un proche est une \u00e9preuve douloureuse \u00e0 vivre. Et les obs\u00e8ques le seront tout autant pour l\u2019entourage, d\u2019autant plus si le co\u00fbt des fun\u00e9railles s\u2019av\u00e8re difficile \u00e0 assumer.<\/p>\n\n\n\n<p><strong>Les frais d\u2019obs\u00e8ques peuvent rapidement atteindre les 5.000 euros\u2028<\/strong>Frais de base pour l\u2019inhumation ou l\u2019incin\u00e9ration (c\u2019est-\u00e0-dire r\u00e8glement des formalit\u00e9s, transfert et mise en bi\u00e8re du d\u00e9funt notamment), c\u00e9r\u00e9monie personnalis\u00e9e, commande de fleurs, r\u00e9ception autour d\u2019un caf\u00e9\u2026 Le choix est \u00e0 la carte et peut faire grimper les prix de mani\u00e8re significative.<\/p>\n\n\n\n<p>Si l\u2019on ne prend aucune disposition \u00e0 ce sujet de son vivant, les proches feront les choix qui s\u2019imposent \u2013 pour des questions financi\u00e8res principalement \u2013 au d\u00e9triment peut-\u00eatre des derni\u00e8res volont\u00e9s du d\u00e9funt.<\/p>\n\n\n\n<h3 class=\"wp-block-heading\">Pour \u00e9viter des soucis financiers \u00e0 ses proches, il est possible de souscrire une assurance obs\u00e8ques<\/h3>\n\n\n\n<p>Il existe deux types d\u2019assurance obs\u00e8ques&nbsp;:<\/p>\n\n\n\n<ul class=\"wp-block-list\"><li>&nbsp;&nbsp;&nbsp;&nbsp;&nbsp;&nbsp;&nbsp;&nbsp;Dans la plupart des cas, le preneur d\u2019assurance d\u00e9finit un&nbsp;<strong>contrat en capital<\/strong>. Il s\u2019agit du capital que la personne souhaite pr\u00e9voir afin que, au moment de son d\u00e9c\u00e8s, les d\u00e9penses \u00e9ventuelles li\u00e9es \u00e0 ses fun\u00e9railles et aux divers pr\u00e9paratifs soient couvertes. L\u2019assureur sera donc tenu de verser le capital au b\u00e9n\u00e9ficiaire choisi par le preneur d\u2019assurance de son vivant.<\/li><li>&nbsp;&nbsp;&nbsp;&nbsp;&nbsp;&nbsp;&nbsp;&nbsp;Il peut aussi s\u2019agir d\u2019un&nbsp;<strong>contrat en prestation<\/strong>. Le souscripteur contacte alors un assureur et une entreprise de pompes fun\u00e8bres de son choix pour d\u00e9finir le d\u00e9roulement de ses futures obs\u00e8ques et les sommes allou\u00e9es \u00e0 celles-ci. Les diff\u00e9rentes volont\u00e9s du preneur sont donc mentionn\u00e9es dans le contrat.<\/li><\/ul>\n\n\n\n<p>En contrepartie, le preneur verse une&nbsp;<strong>prime unique ou des primes p\u00e9riodiques&nbsp;<\/strong>(annuelles ou mensuelles) pendant une p\u00e9riode d\u00e9finie lors de la souscription.<\/p>\n\n\n\n<h3 class=\"wp-block-heading\">Quelle est la diff\u00e9rence entre une assurance obs\u00e8ques et une assurance d\u00e9c\u00e8s\u00a0?<\/h3>\n\n\n\n<p>Ces deux types d\u2019assurance n\u2019ont pas exactement la m\u00eame finalit\u00e9. Mais elles peuvent \u00eatre combin\u00e9es.<\/p>\n\n\n\n<ul class=\"wp-block-list\"><li>&nbsp;&nbsp;&nbsp;&nbsp;&nbsp;&nbsp;&nbsp;&nbsp;L\u2019assurance obs\u00e8ques vise \u00e0 permettre de r\u00e9gler, de son vivant, le co\u00fbt et \u00e9ventuellement le d\u00e9roulement de ses fun\u00e9railles ind\u00e9pendamment du moment du d\u00e9c\u00e8s.<\/li><li>&nbsp;&nbsp;&nbsp;&nbsp;&nbsp;&nbsp;&nbsp;&nbsp;L\u2019assurance d\u00e9c\u00e8s a pour but de garantir, pendant une p\u00e9riode donn\u00e9e ou \u00e0 vie, une certaine s\u00e9r\u00e9nit\u00e9 financi\u00e8re \u00e0 ses proches pour l\u2019avenir, en cas de d\u00e9c\u00e8s.<\/li><\/ul>\n\n\n\n<p>Dans l\u2019esprit de la plupart des gens, une assurance qui paie un montant en cas de d\u00e9c\u00e8s est souscrite en premier lieu afin de couvrir les frais d\u2019obs\u00e8ques*. Mais au fond, quelle que soit l\u2019assurance, la volont\u00e9 de prot\u00e9ger ses proches de tout souci financier est la m\u00eame.<\/p>\n\n\n\n<p><strong>\u00c0 quel \u00e2ge souscrire une assurance obs\u00e8ques&nbsp;?\u2028<\/strong>De mani\u00e8re g\u00e9n\u00e9rale, la majorit\u00e9 des contrats d\u2019assurance obs\u00e8ques sont souscrits entre 50 et 60 ans, avec 80 ans comme \u00e2ge limite chez la plupart des assureurs.<\/p>\n\n\n\n<p>Gardez \u00e0 l\u2019esprit que plus on souscrit jeune, plus le montant de la prime p\u00e9riodique sera faible. Il est donc pr\u00e9f\u00e9rable d\u2019y penser t\u00f4t.<\/p>\n","protected":false},"excerpt":{"rendered":"<p>Le d\u00e9c\u00e8s d\u2019un proche est une \u00e9preuve douloureuse \u00e0 vivre. Et les obs\u00e8ques le seront tout autant pour l\u2019entourage, d\u2019autant plus si le co\u00fbt des fun\u00e9railles s\u2019av\u00e8re difficile \u00e0 assumer. Les frais d\u2019obs\u00e8ques peuvent rapidement atteindre les 5.000 euros\u2028Frais de base pour l\u2019inhumation ou l\u2019incin\u00e9ration (c\u2019est-\u00e0-dire r\u00e8glement des formalit\u00e9s, transfert et mise en bi\u00e8re du &hellip; <a href=\"https:\/\/comopolis.be\/fr\/penser-a-ses-obseques-cest-aussi-penser-a-ses-proches\/\" class=\"more-link\">Continuer la lecture<span class=\"screen-reader-text\"> de &laquo;&nbsp;Penser \u00e0 ses obs\u00e8ques, c\u2019est aussi penser \u00e0 ses proches&nbsp;&raquo;<\/span><\/a><\/p>\n","protected":false},"author":3,"featured_media":1160,"comment_status":"closed","ping_status":"closed","sticky":false,"template":"","format":"standard","meta":{"_acf_changed":false,"footnotes":""},"categories":[49,56],"tags":[48,52],"class_list":["post-1159","post","type-post","status-publish","format-standard","has-post-thumbnail","hentry","category-assurance-obseques","category-funerailles","tag-assurance-obseques","tag-funerailles"],"acf":[],"yoast_head":"<!-- This site is optimized with the Yoast SEO plugin v27.4 - https:\/\/yoast.com\/product\/yoast-seo-wordpress\/ -->\n<title>Penser \u00e0 ses obs\u00e8ques, c\u2019est aussi penser \u00e0 ses proches - Comopolis<\/title>\n<meta name=\"robots\" content=\"index, follow, max-snippet:-1, max-image-preview:large, max-video-preview:-1\" \/>\n<link rel=\"canonical\" href=\"https:\/\/comopolis.be\/fr\/penser-a-ses-obseques-cest-aussi-penser-a-ses-proches\/\" \/>\n<meta property=\"og:locale\" content=\"fr_FR\" \/>\n<meta property=\"og:type\" content=\"article\" \/>\n<meta property=\"og:title\" content=\"Penser \u00e0 ses obs\u00e8ques, c\u2019est aussi penser \u00e0 ses proches - Comopolis\" \/>\n<meta property=\"og:description\" content=\"Le d\u00e9c\u00e8s d\u2019un proche est une \u00e9preuve douloureuse \u00e0 vivre. Et les obs\u00e8ques le seront tout autant pour l\u2019entourage, d\u2019autant plus si le co\u00fbt des fun\u00e9railles s\u2019av\u00e8re difficile \u00e0 assumer. Les frais d\u2019obs\u00e8ques peuvent rapidement atteindre les 5.000 euros\u2028Frais de base pour l\u2019inhumation ou l\u2019incin\u00e9ration (c\u2019est-\u00e0-dire r\u00e8glement des formalit\u00e9s, transfert et mise en bi\u00e8re du &hellip; Continuer la lecture de &laquo;&nbsp;Penser \u00e0 ses obs\u00e8ques, c\u2019est aussi penser \u00e0 ses proches&nbsp;&raquo;\" \/>\n<meta property=\"og:url\" content=\"https:\/\/comopolis.be\/fr\/penser-a-ses-obseques-cest-aussi-penser-a-ses-proches\/\" \/>\n<meta property=\"og:site_name\" content=\"Comopolis\" \/>\n<meta property=\"article:publisher\" content=\"https:\/\/www.facebook.com\/comopolis.be\/\" \/>\n<meta property=\"article:published_time\" content=\"2019-06-25T08:23:50+00:00\" \/>\n<meta property=\"article:modified_time\" content=\"2026-02-06T12:58:54+00:00\" \/>\n<meta property=\"og:image\" content=\"https:\/\/comopolis.be\/wp-content\/uploads\/2019\/06\/view.jpeg\" \/>\n\t<meta property=\"og:image:width\" content=\"640\" \/>\n\t<meta property=\"og:image:height\" content=\"360\" \/>\n\t<meta property=\"og:image:type\" content=\"image\/jpeg\" \/>\n<meta name=\"author\" content=\"Como\" \/>\n<meta name=\"twitter:card\" content=\"summary_large_image\" \/>\n<meta name=\"twitter:label1\" content=\"\u00c9crit par\" \/>\n\t<meta name=\"twitter:data1\" content=\"Como\" \/>\n\t<meta name=\"twitter:label2\" content=\"Dur\u00e9e de lecture estim\u00e9e\" \/>\n\t<meta name=\"twitter:data2\" content=\"3 minutes\" \/>\n<script type=\"application\/ld+json\" class=\"yoast-schema-graph\">{\"@context\":\"https:\\\/\\\/schema.org\",\"@graph\":[{\"@type\":\"Article\",\"@id\":\"https:\\\/\\\/comopolis.be\\\/fr\\\/penser-a-ses-obseques-cest-aussi-penser-a-ses-proches\\\/#article\",\"isPartOf\":{\"@id\":\"https:\\\/\\\/comopolis.be\\\/fr\\\/penser-a-ses-obseques-cest-aussi-penser-a-ses-proches\\\/\"},\"author\":{\"name\":\"Como\",\"@id\":\"https:\\\/\\\/comopolis.be\\\/fr\\\/#\\\/schema\\\/person\\\/3d35fb5d9f1e5af63b4390733b88b82e\"},\"headline\":\"Penser \u00e0 ses obs\u00e8ques, c\u2019est aussi penser \u00e0 ses proches\",\"datePublished\":\"2019-06-25T08:23:50+00:00\",\"dateModified\":\"2026-02-06T12:58:54+00:00\",\"mainEntityOfPage\":{\"@id\":\"https:\\\/\\\/comopolis.be\\\/fr\\\/penser-a-ses-obseques-cest-aussi-penser-a-ses-proches\\\/\"},\"wordCount\":596,\"publisher\":{\"@id\":\"https:\\\/\\\/comopolis.be\\\/fr\\\/#organization\"},\"image\":{\"@id\":\"https:\\\/\\\/comopolis.be\\\/fr\\\/penser-a-ses-obseques-cest-aussi-penser-a-ses-proches\\\/#primaryimage\"},\"thumbnailUrl\":\"https:\\\/\\\/comopolis.be\\\/wp-content\\\/uploads\\\/2019\\\/06\\\/view.jpeg\",\"keywords\":[\"assurance obs\u00e8ques\",\"fun\u00e9railles\"],\"articleSection\":[\"Assurance obs\u00e8ques\",\"Fun\u00e9railles\"],\"inLanguage\":\"fr-FR\"},{\"@type\":\"WebPage\",\"@id\":\"https:\\\/\\\/comopolis.be\\\/fr\\\/penser-a-ses-obseques-cest-aussi-penser-a-ses-proches\\\/\",\"url\":\"https:\\\/\\\/comopolis.be\\\/fr\\\/penser-a-ses-obseques-cest-aussi-penser-a-ses-proches\\\/\",\"name\":\"Penser \u00e0 ses obs\u00e8ques, c\u2019est aussi penser \u00e0 ses proches - Comopolis\",\"isPartOf\":{\"@id\":\"https:\\\/\\\/comopolis.be\\\/fr\\\/#website\"},\"primaryImageOfPage\":{\"@id\":\"https:\\\/\\\/comopolis.be\\\/fr\\\/penser-a-ses-obseques-cest-aussi-penser-a-ses-proches\\\/#primaryimage\"},\"image\":{\"@id\":\"https:\\\/\\\/comopolis.be\\\/fr\\\/penser-a-ses-obseques-cest-aussi-penser-a-ses-proches\\\/#primaryimage\"},\"thumbnailUrl\":\"https:\\\/\\\/comopolis.be\\\/wp-content\\\/uploads\\\/2019\\\/06\\\/view.jpeg\",\"datePublished\":\"2019-06-25T08:23:50+00:00\",\"dateModified\":\"2026-02-06T12:58:54+00:00\",\"breadcrumb\":{\"@id\":\"https:\\\/\\\/comopolis.be\\\/fr\\\/penser-a-ses-obseques-cest-aussi-penser-a-ses-proches\\\/#breadcrumb\"},\"inLanguage\":\"fr-FR\",\"potentialAction\":[{\"@type\":\"ReadAction\",\"target\":[\"https:\\\/\\\/comopolis.be\\\/fr\\\/penser-a-ses-obseques-cest-aussi-penser-a-ses-proches\\\/\"]}]},{\"@type\":\"ImageObject\",\"inLanguage\":\"fr-FR\",\"@id\":\"https:\\\/\\\/comopolis.be\\\/fr\\\/penser-a-ses-obseques-cest-aussi-penser-a-ses-proches\\\/#primaryimage\",\"url\":\"https:\\\/\\\/comopolis.be\\\/wp-content\\\/uploads\\\/2019\\\/06\\\/view.jpeg\",\"contentUrl\":\"https:\\\/\\\/comopolis.be\\\/wp-content\\\/uploads\\\/2019\\\/06\\\/view.jpeg\",\"width\":640,\"height\":360,\"caption\":\"Un homme baisse la t\u00eate devant une pierre tombale au cimeti\u00e8re. On ne voit que des silhouettes car il fait sombre.\"},{\"@type\":\"BreadcrumbList\",\"@id\":\"https:\\\/\\\/comopolis.be\\\/fr\\\/penser-a-ses-obseques-cest-aussi-penser-a-ses-proches\\\/#breadcrumb\",\"itemListElement\":[{\"@type\":\"ListItem\",\"position\":1,\"name\":\"Home\",\"item\":\"https:\\\/\\\/comopolis.be\\\/fr\\\/\"},{\"@type\":\"ListItem\",\"position\":2,\"name\":\"Penser \u00e0 ses obs\u00e8ques, c\u2019est aussi penser \u00e0 ses proches\"}]},{\"@type\":\"WebSite\",\"@id\":\"https:\\\/\\\/comopolis.be\\\/fr\\\/#website\",\"url\":\"https:\\\/\\\/comopolis.be\\\/fr\\\/\",\"name\":\"Comopolis\",\"description\":\"\",\"publisher\":{\"@id\":\"https:\\\/\\\/comopolis.be\\\/fr\\\/#organization\"},\"potentialAction\":[{\"@type\":\"SearchAction\",\"target\":{\"@type\":\"EntryPoint\",\"urlTemplate\":\"https:\\\/\\\/comopolis.be\\\/fr\\\/?s={search_term_string}\"},\"query-input\":{\"@type\":\"PropertyValueSpecification\",\"valueRequired\":true,\"valueName\":\"search_term_string\"}}],\"inLanguage\":\"fr-FR\"},{\"@type\":\"Organization\",\"@id\":\"https:\\\/\\\/comopolis.be\\\/fr\\\/#organization\",\"name\":\"Comopolis\",\"url\":\"https:\\\/\\\/comopolis.be\\\/fr\\\/\",\"logo\":{\"@type\":\"ImageObject\",\"inLanguage\":\"fr-FR\",\"@id\":\"https:\\\/\\\/comopolis.be\\\/fr\\\/#\\\/schema\\\/logo\\\/image\\\/\",\"url\":\"https:\\\/\\\/comopolis.be\\\/wp-content\\\/uploads\\\/2025\\\/01\\\/logo-bird.png\",\"contentUrl\":\"https:\\\/\\\/comopolis.be\\\/wp-content\\\/uploads\\\/2025\\\/01\\\/logo-bird.png\",\"width\":1241,\"height\":1028,\"caption\":\"Comopolis\"},\"image\":{\"@id\":\"https:\\\/\\\/comopolis.be\\\/fr\\\/#\\\/schema\\\/logo\\\/image\\\/\"},\"sameAs\":[\"https:\\\/\\\/www.facebook.com\\\/comopolis.be\\\/\",\"https:\\\/\\\/www.instagram.com\\\/comopolis\\\/\",\"https:\\\/\\\/www.linkedin.com\\\/company\\\/comopolis\\\/\"]},{\"@type\":\"Person\",\"@id\":\"https:\\\/\\\/comopolis.be\\\/fr\\\/#\\\/schema\\\/person\\\/3d35fb5d9f1e5af63b4390733b88b82e\",\"name\":\"Como\",\"image\":{\"@type\":\"ImageObject\",\"inLanguage\":\"fr-FR\",\"@id\":\"https:\\\/\\\/secure.gravatar.com\\\/avatar\\\/de3de28fc216132ecf2e062df3fefc3d6f58583a4064f867483c768decb72aa2?s=96&d=mm&r=g\",\"url\":\"https:\\\/\\\/secure.gravatar.com\\\/avatar\\\/de3de28fc216132ecf2e062df3fefc3d6f58583a4064f867483c768decb72aa2?s=96&d=mm&r=g\",\"contentUrl\":\"https:\\\/\\\/secure.gravatar.com\\\/avatar\\\/de3de28fc216132ecf2e062df3fefc3d6f58583a4064f867483c768decb72aa2?s=96&d=mm&r=g\",\"caption\":\"Como\"}}]}<\/script>\n<!-- \/ Yoast SEO plugin. -->","yoast_head_json":{"title":"Penser \u00e0 ses obs\u00e8ques, c\u2019est aussi penser \u00e0 ses proches - Comopolis","robots":{"index":"index","follow":"follow","max-snippet":"max-snippet:-1","max-image-preview":"max-image-preview:large","max-video-preview":"max-video-preview:-1"},"canonical":"https:\/\/comopolis.be\/fr\/penser-a-ses-obseques-cest-aussi-penser-a-ses-proches\/","og_locale":"fr_FR","og_type":"article","og_title":"Penser \u00e0 ses obs\u00e8ques, c\u2019est aussi penser \u00e0 ses proches - Comopolis","og_description":"Le d\u00e9c\u00e8s d\u2019un proche est une \u00e9preuve douloureuse \u00e0 vivre. Et les obs\u00e8ques le seront tout autant pour l\u2019entourage, d\u2019autant plus si le co\u00fbt des fun\u00e9railles s\u2019av\u00e8re difficile \u00e0 assumer. Les frais d\u2019obs\u00e8ques peuvent rapidement atteindre les 5.000 euros\u2028Frais de base pour l\u2019inhumation ou l\u2019incin\u00e9ration (c\u2019est-\u00e0-dire r\u00e8glement des formalit\u00e9s, transfert et mise en bi\u00e8re du &hellip; Continuer la lecture de &laquo;&nbsp;Penser \u00e0 ses obs\u00e8ques, c\u2019est aussi penser \u00e0 ses proches&nbsp;&raquo;","og_url":"https:\/\/comopolis.be\/fr\/penser-a-ses-obseques-cest-aussi-penser-a-ses-proches\/","og_site_name":"Comopolis","article_publisher":"https:\/\/www.facebook.com\/comopolis.be\/","article_published_time":"2019-06-25T08:23:50+00:00","article_modified_time":"2026-02-06T12:58:54+00:00","og_image":[{"width":640,"height":360,"url":"https:\/\/comopolis.be\/wp-content\/uploads\/2019\/06\/view.jpeg","type":"image\/jpeg"}],"author":"Como","twitter_card":"summary_large_image","twitter_misc":{"\u00c9crit par":"Como","Dur\u00e9e de lecture estim\u00e9e":"3 minutes"},"schema":{"@context":"https:\/\/schema.org","@graph":[{"@type":"Article","@id":"https:\/\/comopolis.be\/fr\/penser-a-ses-obseques-cest-aussi-penser-a-ses-proches\/#article","isPartOf":{"@id":"https:\/\/comopolis.be\/fr\/penser-a-ses-obseques-cest-aussi-penser-a-ses-proches\/"},"author":{"name":"Como","@id":"https:\/\/comopolis.be\/fr\/#\/schema\/person\/3d35fb5d9f1e5af63b4390733b88b82e"},"headline":"Penser \u00e0 ses obs\u00e8ques, c\u2019est aussi penser \u00e0 ses proches","datePublished":"2019-06-25T08:23:50+00:00","dateModified":"2026-02-06T12:58:54+00:00","mainEntityOfPage":{"@id":"https:\/\/comopolis.be\/fr\/penser-a-ses-obseques-cest-aussi-penser-a-ses-proches\/"},"wordCount":596,"publisher":{"@id":"https:\/\/comopolis.be\/fr\/#organization"},"image":{"@id":"https:\/\/comopolis.be\/fr\/penser-a-ses-obseques-cest-aussi-penser-a-ses-proches\/#primaryimage"},"thumbnailUrl":"https:\/\/comopolis.be\/wp-content\/uploads\/2019\/06\/view.jpeg","keywords":["assurance obs\u00e8ques","fun\u00e9railles"],"articleSection":["Assurance obs\u00e8ques","Fun\u00e9railles"],"inLanguage":"fr-FR"},{"@type":"WebPage","@id":"https:\/\/comopolis.be\/fr\/penser-a-ses-obseques-cest-aussi-penser-a-ses-proches\/","url":"https:\/\/comopolis.be\/fr\/penser-a-ses-obseques-cest-aussi-penser-a-ses-proches\/","name":"Penser \u00e0 ses obs\u00e8ques, c\u2019est aussi penser \u00e0 ses proches - Comopolis","isPartOf":{"@id":"https:\/\/comopolis.be\/fr\/#website"},"primaryImageOfPage":{"@id":"https:\/\/comopolis.be\/fr\/penser-a-ses-obseques-cest-aussi-penser-a-ses-proches\/#primaryimage"},"image":{"@id":"https:\/\/comopolis.be\/fr\/penser-a-ses-obseques-cest-aussi-penser-a-ses-proches\/#primaryimage"},"thumbnailUrl":"https:\/\/comopolis.be\/wp-content\/uploads\/2019\/06\/view.jpeg","datePublished":"2019-06-25T08:23:50+00:00","dateModified":"2026-02-06T12:58:54+00:00","breadcrumb":{"@id":"https:\/\/comopolis.be\/fr\/penser-a-ses-obseques-cest-aussi-penser-a-ses-proches\/#breadcrumb"},"inLanguage":"fr-FR","potentialAction":[{"@type":"ReadAction","target":["https:\/\/comopolis.be\/fr\/penser-a-ses-obseques-cest-aussi-penser-a-ses-proches\/"]}]},{"@type":"ImageObject","inLanguage":"fr-FR","@id":"https:\/\/comopolis.be\/fr\/penser-a-ses-obseques-cest-aussi-penser-a-ses-proches\/#primaryimage","url":"https:\/\/comopolis.be\/wp-content\/uploads\/2019\/06\/view.jpeg","contentUrl":"https:\/\/comopolis.be\/wp-content\/uploads\/2019\/06\/view.jpeg","width":640,"height":360,"caption":"Un homme baisse la t\u00eate devant une pierre tombale au cimeti\u00e8re. On ne voit que des silhouettes car il fait sombre."},{"@type":"BreadcrumbList","@id":"https:\/\/comopolis.be\/fr\/penser-a-ses-obseques-cest-aussi-penser-a-ses-proches\/#breadcrumb","itemListElement":[{"@type":"ListItem","position":1,"name":"Home","item":"https:\/\/comopolis.be\/fr\/"},{"@type":"ListItem","position":2,"name":"Penser \u00e0 ses obs\u00e8ques, c\u2019est aussi penser \u00e0 ses proches"}]},{"@type":"WebSite","@id":"https:\/\/comopolis.be\/fr\/#website","url":"https:\/\/comopolis.be\/fr\/","name":"Comopolis","description":"","publisher":{"@id":"https:\/\/comopolis.be\/fr\/#organization"},"potentialAction":[{"@type":"SearchAction","target":{"@type":"EntryPoint","urlTemplate":"https:\/\/comopolis.be\/fr\/?s={search_term_string}"},"query-input":{"@type":"PropertyValueSpecification","valueRequired":true,"valueName":"search_term_string"}}],"inLanguage":"fr-FR"},{"@type":"Organization","@id":"https:\/\/comopolis.be\/fr\/#organization","name":"Comopolis","url":"https:\/\/comopolis.be\/fr\/","logo":{"@type":"ImageObject","inLanguage":"fr-FR","@id":"https:\/\/comopolis.be\/fr\/#\/schema\/logo\/image\/","url":"https:\/\/comopolis.be\/wp-content\/uploads\/2025\/01\/logo-bird.png","contentUrl":"https:\/\/comopolis.be\/wp-content\/uploads\/2025\/01\/logo-bird.png","width":1241,"height":1028,"caption":"Comopolis"},"image":{"@id":"https:\/\/comopolis.be\/fr\/#\/schema\/logo\/image\/"},"sameAs":["https:\/\/www.facebook.com\/comopolis.be\/","https:\/\/www.instagram.com\/comopolis\/","https:\/\/www.linkedin.com\/company\/comopolis\/"]},{"@type":"Person","@id":"https:\/\/comopolis.be\/fr\/#\/schema\/person\/3d35fb5d9f1e5af63b4390733b88b82e","name":"Como","image":{"@type":"ImageObject","inLanguage":"fr-FR","@id":"https:\/\/secure.gravatar.com\/avatar\/de3de28fc216132ecf2e062df3fefc3d6f58583a4064f867483c768decb72aa2?s=96&d=mm&r=g","url":"https:\/\/secure.gravatar.com\/avatar\/de3de28fc216132ecf2e062df3fefc3d6f58583a4064f867483c768decb72aa2?s=96&d=mm&r=g","contentUrl":"https:\/\/secure.gravatar.com\/avatar\/de3de28fc216132ecf2e062df3fefc3d6f58583a4064f867483c768decb72aa2?s=96&d=mm&r=g","caption":"Como"}}]}},"_links":{"self":[{"href":"https:\/\/comopolis.be\/fr\/wp-json\/wp\/v2\/posts\/1159","targetHints":{"allow":["GET"]}}],"collection":[{"href":"https:\/\/comopolis.be\/fr\/wp-json\/wp\/v2\/posts"}],"about":[{"href":"https:\/\/comopolis.be\/fr\/wp-json\/wp\/v2\/types\/post"}],"author":[{"embeddable":true,"href":"https:\/\/comopolis.be\/fr\/wp-json\/wp\/v2\/users\/3"}],"replies":[{"embeddable":true,"href":"https:\/\/comopolis.be\/fr\/wp-json\/wp\/v2\/comments?post=1159"}],"version-history":[{"count":2,"href":"https:\/\/comopolis.be\/fr\/wp-json\/wp\/v2\/posts\/1159\/revisions"}],"predecessor-version":[{"id":2099,"href":"https:\/\/comopolis.be\/fr\/wp-json\/wp\/v2\/posts\/1159\/revisions\/2099"}],"wp:featuredmedia":[{"embeddable":true,"href":"https:\/\/comopolis.be\/fr\/wp-json\/wp\/v2\/media\/1160"}],"wp:attachment":[{"href":"https:\/\/comopolis.be\/fr\/wp-json\/wp\/v2\/media?parent=1159"}],"wp:term":[{"taxonomy":"category","embeddable":true,"href":"https:\/\/comopolis.be\/fr\/wp-json\/wp\/v2\/categories?post=1159"},{"taxonomy":"post_tag","embeddable":true,"href":"https:\/\/comopolis.be\/fr\/wp-json\/wp\/v2\/tags?post=1159"}],"curies":[{"name":"wp","href":"https:\/\/api.w.org\/{rel}","templated":true}]}}